{"id":119044,"date":"2018-09-11T08:19:18","date_gmt":"2018-09-11T11:19:18","guid":{"rendered":"https:\/\/diarioregionaldigital.com.br\/?p=119044"},"modified":"2018-09-11T08:22:51","modified_gmt":"2018-09-11T11:22:51","slug":"jovem-e-assaltado-e-ameacado-por-tres-pessoas-no-bairro-nova-era","status":"publish","type":"post","link":"https:\/\/diarioregionaldigital.com.br\/?p=119044","title":{"rendered":"Jovem \u00e9 assaltado e amea\u00e7ado por tr\u00eas pessoas no bairro Nova Era"},"content":{"rendered":"<p>Nessa segunda-feira, 10,\u00a0 um adolescente de 15 anos teve o celular roubado na Avenida Doutor Sime\u00e3o de Faria, no bairro Nova Era, zona Norte de Juiz de Fora. Segundo registro de ocorr\u00eancia, por volta das 18h, o jovem caminhava pela rua quando foi surpreendido por tr\u00eas outros jovens que o amea\u00e7aram e, com viol\u00eancia, roubaram o telefone do rapaz.<\/p>\n<p>Em relato \u00e0 Pol\u00edcia Militar, a v\u00edtima informou que os agressores eram magros, pardos e aparentavam ser menores de idade, assim como ele.<\/p>\n<p>Um dos autores, que tem 17 anos, foi encontrado pelos policiais ap\u00f3s rastreamento na regi\u00e3o e identificado pelo adolescente assaltado. Ele foi apreendido e levado para a delegacia. Os outros autores, ainda n\u00e3o foram localizados.<\/p>\n","protected":false},"excerpt":{"rendered":"<p>Nessa segunda-feira, 10,\u00a0 um adolescente de 15 anos teve o celular roubado na Avenida Doutor Sime\u00e3o de Faria, no bairro Nova Era, zona Norte de Juiz de Fora. Segundo registro de ocorr\u00eancia, por volta das 18h, o jovem caminhava pela rua quando foi surpreendido por tr\u00eas outros jovens que o amea\u00e7aram e, com viol\u00eancia, roubaram [&hellip;]<\/p>\n","protected":false},"author":96,"featured_media":95836,"comment_status":"closed","ping_status":"closed","sticky":false,"template":"","format":"standard","meta":{"footnotes":""},"categories":[301],"tags":[],"class_list":["post-119044","post","type-post","status-publish","format-standard","has-post-thumbnail","hentry","category-artigos-policiais"],"_links":{"self":[{"href":"https:\/\/diarioregionaldigital.com.br\/index.php?rest_route=\/wp\/v2\/posts\/119044","targetHints":{"allow":["GET"]}}],"collection":[{"href":"https:\/\/diarioregionaldigital.com.br\/index.php?rest_route=\/wp\/v2\/posts"}],"about":[{"href":"https:\/\/diarioregionaldigital.com.br\/index.php?rest_route=\/wp\/v2\/types\/post"}],"author":[{"embeddable":true,"href":"https:\/\/diarioregionaldigital.com.br\/index.php?rest_route=\/wp\/v2\/users\/96"}],"replies":[{"embeddable":true,"href":"https:\/\/diarioregionaldigital.com.br\/index.php?rest_route=%2Fwp%2Fv2%2Fcomments&post=119044"}],"version-history":[{"count":0,"href":"https:\/\/diarioregionaldigital.com.br\/index.php?rest_route=\/wp\/v2\/posts\/119044\/revisions"}],"wp:featuredmedia":[{"embeddable":true,"href":"https:\/\/diarioregionaldigital.com.br\/index.php?rest_route=\/wp\/v2\/media\/95836"}],"wp:attachment":[{"href":"https:\/\/diarioregionaldigital.com.br\/index.php?rest_route=%2Fwp%2Fv2%2Fmedia&parent=119044"}],"wp:term":[{"taxonomy":"category","embeddable":true,"href":"https:\/\/diarioregionaldigital.com.br\/index.php?rest_route=%2Fwp%2Fv2%2Fcategories&post=119044"},{"taxonomy":"post_tag","embeddable":true,"href":"https:\/\/diarioregionaldigital.com.br\/index.php?rest_route=%2Fwp%2Fv2%2Ftags&post=119044"}],"curies":[{"name":"wp","href":"https:\/\/api.w.org\/{rel}","templated":true}]}}