{"id":119042,"date":"2018-09-11T08:15:33","date_gmt":"2018-09-11T11:15:33","guid":{"rendered":"https:\/\/diarioregionaldigital.com.br\/?p=119042"},"modified":"2018-09-11T08:15:33","modified_gmt":"2018-09-11T11:15:33","slug":"homem-e-preso-apos-tentativa-de-assalto-no-bairro-manoel-honorio","status":"publish","type":"post","link":"https:\/\/diarioregionaldigital.com.br\/?p=119042","title":{"rendered":"Homem \u00e9 preso ap\u00f3s tentativa de assalto no bairro Manoel Hon\u00f3rio"},"content":{"rendered":"<p>Uma mulher foi assaltada na noite dessa segunda-feira, 10, na Avenida Brasil, esquina com a Avenida Bar\u00e3o do Rio Branco, na regi\u00e3o do bairro Manoel Hon\u00f3rio, regi\u00e3o Leste de Juiz de Fora. A v\u00edtima passava pelo local, por volta das 22h, quando foi abordada por um homem que estava armado com uma faca.<\/p>\n<p>O autor exigiu que ela entregasse os pertences, mas a mulher se recusou e os dois iniciaram uma discuss\u00e3o. O assaltante, percebendo que n\u00e3o conseguiria consumar o roubo, fugiu.<\/p>\n<p>A Pol\u00edcia Militar (PM) realizou rastreamento na \u00e1rea e conseguiu encontrar o homem, que estava com a faca utilizada na tentativa de assalto. Ele tem 26 anos e, segundo a PM, j\u00e1 existe um mandado de pris\u00e3o contra ele expedido pela 4\u00aa vara criminal de Juiz de Fora. O autor foi preso e encaminhado para a delegacia.<\/p>\n","protected":false},"excerpt":{"rendered":"<p>Uma mulher foi assaltada na noite dessa segunda-feira, 10, na Avenida Brasil, esquina com a Avenida Bar\u00e3o do Rio Branco, na regi\u00e3o do bairro Manoel Hon\u00f3rio, regi\u00e3o Leste de Juiz de Fora. A v\u00edtima passava pelo local, por volta das 22h, quando foi abordada por um homem que estava armado com uma faca. O autor [&hellip;]<\/p>\n","protected":false},"author":96,"featured_media":97342,"comment_status":"closed","ping_status":"closed","sticky":false,"template":"","format":"standard","meta":{"footnotes":""},"categories":[301],"tags":[],"class_list":["post-119042","post","type-post","status-publish","format-standard","has-post-thumbnail","hentry","category-artigos-policiais"],"_links":{"self":[{"href":"https:\/\/diarioregionaldigital.com.br\/index.php?rest_route=\/wp\/v2\/posts\/119042","targetHints":{"allow":["GET"]}}],"collection":[{"href":"https:\/\/diarioregionaldigital.com.br\/index.php?rest_route=\/wp\/v2\/posts"}],"about":[{"href":"https:\/\/diarioregionaldigital.com.br\/index.php?rest_route=\/wp\/v2\/types\/post"}],"author":[{"embeddable":true,"href":"https:\/\/diarioregionaldigital.com.br\/index.php?rest_route=\/wp\/v2\/users\/96"}],"replies":[{"embeddable":true,"href":"https:\/\/diarioregionaldigital.com.br\/index.php?rest_route=%2Fwp%2Fv2%2Fcomments&post=119042"}],"version-history":[{"count":0,"href":"https:\/\/diarioregionaldigital.com.br\/index.php?rest_route=\/wp\/v2\/posts\/119042\/revisions"}],"wp:featuredmedia":[{"embeddable":true,"href":"https:\/\/diarioregionaldigital.com.br\/index.php?rest_route=\/wp\/v2\/media\/97342"}],"wp:attachment":[{"href":"https:\/\/diarioregionaldigital.com.br\/index.php?rest_route=%2Fwp%2Fv2%2Fmedia&parent=119042"}],"wp:term":[{"taxonomy":"category","embeddable":true,"href":"https:\/\/diarioregionaldigital.com.br\/index.php?rest_route=%2Fwp%2Fv2%2Fcategories&post=119042"},{"taxonomy":"post_tag","embeddable":true,"href":"https:\/\/diarioregionaldigital.com.br\/index.php?rest_route=%2Fwp%2Fv2%2Ftags&post=119042"}],"curies":[{"name":"wp","href":"https:\/\/api.w.org\/{rel}","templated":true}]}}