{"id":119026,"date":"2018-09-11T06:00:34","date_gmt":"2018-09-11T09:00:34","guid":{"rendered":"https:\/\/diarioregionaldigital.com.br\/?p=119026"},"modified":"2018-09-11T09:07:19","modified_gmt":"2018-09-11T12:07:19","slug":"camara-municipal-lanca-o-2o-feirao-limpa-nome","status":"publish","type":"post","link":"https:\/\/diarioregionaldigital.com.br\/?p=119026","title":{"rendered":"C\u00e2mara Municipal lan\u00e7a o 2\u00ba Feir\u00e3o \u201cLimpa Nome\u201d"},"content":{"rendered":"<p>Come\u00e7ou nessa segunda-feira, 10, o 2\u00ba Feir\u00e3o Limpa Nome, organizado pelo Servi\u00e7o de Defesa do Consumidor (Sedecon) da C\u00e2mara Municipal de Juiz de Fora. A atividade vai at\u00e9 a pr\u00f3xima quinta-feira, 13, tendo como objetivo renegociar as d\u00edvidas da popula\u00e7\u00e3o com descontos. Os interessados devem comparecer \u00e0 sala do Sedcon, na C\u00e2mara (Parque Halfeld), das 9h \u00e0s 16h. A iniciativa faz parte da Semana do Consumidor.<\/p>\n<p>Para este ano, segundo o coordenador do Sedecon da C\u00e2mara Municipal, Nilson Ferreira, estima-se que mil pessoas passem pelo feir\u00e3o, durante os quatro dias, e afirma que a\u00e7\u00e3o surgiu com o objetivo de \u201ccolaborar e ajudar o consumidor a refinanciar ou quitar suas d\u00edvidas com menor pre\u00e7o, apresentando, em alguns casos, descontos de at\u00e9 80% do valor. Assim, o consumidor consegue superar seu cr\u00e9dito e n\u00e3o compromete sua renda familiar com d\u00edvidas\u201d, explicou.<\/p>\n<p>Nilson ainda diz que n\u00e3o existem pr\u00e9-requisitos (valor m\u00e1ximo da d\u00edvida) para o atendimento e o local estar\u00e1 aberto para todos, tendo um atendido de forma r\u00e1pido e f\u00e1cil.<\/p>\n<p><strong>\u00a0<\/strong><strong>Renegociando<\/strong><\/p>\n<p>As empresas que est\u00e3o envolvidas pela causa s\u00e3o: Cart\u00e3o Bahamas Card, Banco Ita\u00fa, Caixa Econ\u00f4mica Federal, Banco do Brasil, Bradesco, Santander, Crefisa, Oi. Dentre elas, a Caixa Econ\u00f4mica Federal, que tamb\u00e9m estar\u00e1 ajudando seus clientes Pessoa F\u00edsica e Jur\u00eddica, que possuem contratos comerciais em atraso, apresentou um novo plano de negocia\u00e7\u00e3o. Segundo o Gerente de Atendimento e Neg\u00f3cios, Em\u00edlio Garcia, a institui\u00e7\u00e3o oferecer\u00e1 alternativas e descontos de at\u00e9 90% para pagamentos \u00e0 vista, direcionado aos seus clientes, atrav\u00e9s da campanha #QUITAF\u00c1CIL.<\/p>\n<p>\u201cEsses descontos v\u00e3o variar de acordo com a opera\u00e7\u00e3o e com o tempo de cada contrato. A alternativa \u00e9 com pagamento \u00e0 vista, mas com descontos bem maiores\u201d, destacou Em\u00edlio.<\/p>\n<p><strong>Documentos necess\u00e1rios <\/strong><\/p>\n<p>\u00c9 necess\u00e1rio comparecer ao local portando em m\u00e3os a carteira de identidade, CPF, comprovante de negativa\u00e7\u00e3o (Serasa ou SPC) e comprovante da d\u00edvida (fatura ou extrato banc\u00e1rio).<\/p>\n<p>&nbsp;<\/p>\n<p>&nbsp;<\/p>\n<p>&nbsp;<\/p>\n","protected":false},"excerpt":{"rendered":"<p>Come\u00e7ou nessa segunda-feira, 10, o 2\u00ba Feir\u00e3o Limpa Nome, organizado pelo Servi\u00e7o de Defesa do Consumidor (Sedecon) da C\u00e2mara Municipal de Juiz de Fora. A atividade vai at\u00e9 a pr\u00f3xima quinta-feira, 13, tendo como objetivo renegociar as d\u00edvidas da popula\u00e7\u00e3o com descontos. Os interessados devem comparecer \u00e0 sala do Sedcon, na C\u00e2mara (Parque Halfeld), das [&hellip;]<\/p>\n","protected":false},"author":96,"featured_media":119031,"comment_status":"closed","ping_status":"closed","sticky":false,"template":"","format":"standard","meta":{"footnotes":""},"categories":[253,440,439],"tags":[],"class_list":["post-119026","post","type-post","status-publish","format-standard","has-post-thumbnail","hentry","category-cidade","category-destaques-do-dia","category-ultima-hora"],"_links":{"self":[{"href":"https:\/\/diarioregionaldigital.com.br\/index.php?rest_route=\/wp\/v2\/posts\/119026","targetHints":{"allow":["GET"]}}],"collection":[{"href":"https:\/\/diarioregionaldigital.com.br\/index.php?rest_route=\/wp\/v2\/posts"}],"about":[{"href":"https:\/\/diarioregionaldigital.com.br\/index.php?rest_route=\/wp\/v2\/types\/post"}],"author":[{"embeddable":true,"href":"https:\/\/diarioregionaldigital.com.br\/index.php?rest_route=\/wp\/v2\/users\/96"}],"replies":[{"embeddable":true,"href":"https:\/\/diarioregionaldigital.com.br\/index.php?rest_route=%2Fwp%2Fv2%2Fcomments&post=119026"}],"version-history":[{"count":0,"href":"https:\/\/diarioregionaldigital.com.br\/index.php?rest_route=\/wp\/v2\/posts\/119026\/revisions"}],"wp:featuredmedia":[{"embeddable":true,"href":"https:\/\/diarioregionaldigital.com.br\/index.php?rest_route=\/wp\/v2\/media\/119031"}],"wp:attachment":[{"href":"https:\/\/diarioregionaldigital.com.br\/index.php?rest_route=%2Fwp%2Fv2%2Fmedia&parent=119026"}],"wp:term":[{"taxonomy":"category","embeddable":true,"href":"https:\/\/diarioregionaldigital.com.br\/index.php?rest_route=%2Fwp%2Fv2%2Fcategories&post=119026"},{"taxonomy":"post_tag","embeddable":true,"href":"https:\/\/diarioregionaldigital.com.br\/index.php?rest_route=%2Fwp%2Fv2%2Ftags&post=119026"}],"curies":[{"name":"wp","href":"https:\/\/api.w.org\/{rel}","templated":true}]}}