{"id":119024,"date":"2018-09-11T06:00:46","date_gmt":"2018-09-11T09:00:46","guid":{"rendered":"https:\/\/diarioregionaldigital.com.br\/?p=119024"},"modified":"2018-09-10T20:24:57","modified_gmt":"2018-09-10T23:24:57","slug":"prefeitura-municipal-de-tocantins-no-085-11-09-18","status":"publish","type":"post","link":"https:\/\/diarioregionaldigital.com.br\/?p=119024","title":{"rendered":"Prefeitura Municipal de Tocantins n\u00ba 085 11\/09\/18"},"content":{"rendered":"<p style=\"text-align: center;\"><strong>AVISO DE LICITA\u00c7\u00c3O<\/strong><\/p>\n<p style=\"text-align: center;\"><strong>Licita\u00e7\u00e3o n\u00b0 085\/2018<\/strong><\/p>\n<p style=\"text-align: center;\"><strong>Modalidade de Preg\u00e3o Presencial n\u00b0 064\/2018<\/strong><\/p>\n<p style=\"text-align: center;\">O Munic\u00edpio de TOCANTINS, na forma da lei, faz saber a todos os interessados que far\u00e1 licita\u00e7\u00e3o na modalidade de preg\u00e3o presencial para registro de pre\u00e7os para fornecimento equipamentos\/material permanente para atender a Secretaria de Sa\u00fade do Munic\u00edpio de Tocantins MG,\u00a0no dia 24\/09\/2018 \u00e0s 08:30 horas na sala da comiss\u00e3o de licita\u00e7\u00e3o, localizada na Av. Padre Mac\u00e1rio, n\u00b0 129, bairro Centro, munic\u00edpio de TOCANTINS. O edital completo encontra-se a disposi\u00e7\u00e3o dos interessados no endere\u00e7o citado anteriormente, no hor\u00e1rio de expediente de 08:00 as 11:00 horas e 13:00 as 16:00 horas. TOCANTINS, 02 de SETEMBRO de 2018.<\/p>\n<p style=\"text-align: center;\"><strong> JANSEN PASCHOALINO ROCHA\u00a0\u00a0\u2013 PREGOEIRO<\/strong><\/p>\n<p>&nbsp;<\/p>\n","protected":false},"excerpt":{"rendered":"<p>AVISO DE LICITA\u00c7\u00c3O Licita\u00e7\u00e3o n\u00b0 085\/2018 Modalidade de Preg\u00e3o Presencial n\u00b0 064\/2018 O Munic\u00edpio de TOCANTINS, na forma da lei, faz saber a todos os interessados que far\u00e1 licita\u00e7\u00e3o na modalidade de preg\u00e3o presencial para registro de pre\u00e7os para fornecimento equipamentos\/material permanente para atender a Secretaria de Sa\u00fade do Munic\u00edpio de Tocantins MG,\u00a0no dia 24\/09\/2018 [&hellip;]<\/p>\n","protected":false},"author":96,"featured_media":0,"comment_status":"closed","ping_status":"closed","sticky":false,"template":"","format":"standard","meta":{"footnotes":""},"categories":[307],"tags":[],"class_list":["post-119024","post","type-post","status-publish","format-standard","hentry","category-editais"],"_links":{"self":[{"href":"https:\/\/diarioregionaldigital.com.br\/index.php?rest_route=\/wp\/v2\/posts\/119024","targetHints":{"allow":["GET"]}}],"collection":[{"href":"https:\/\/diarioregionaldigital.com.br\/index.php?rest_route=\/wp\/v2\/posts"}],"about":[{"href":"https:\/\/diarioregionaldigital.com.br\/index.php?rest_route=\/wp\/v2\/types\/post"}],"author":[{"embeddable":true,"href":"https:\/\/diarioregionaldigital.com.br\/index.php?rest_route=\/wp\/v2\/users\/96"}],"replies":[{"embeddable":true,"href":"https:\/\/diarioregionaldigital.com.br\/index.php?rest_route=%2Fwp%2Fv2%2Fcomments&post=119024"}],"version-history":[{"count":0,"href":"https:\/\/diarioregionaldigital.com.br\/index.php?rest_route=\/wp\/v2\/posts\/119024\/revisions"}],"wp:attachment":[{"href":"https:\/\/diarioregionaldigital.com.br\/index.php?rest_route=%2Fwp%2Fv2%2Fmedia&parent=119024"}],"wp:term":[{"taxonomy":"category","embeddable":true,"href":"https:\/\/diarioregionaldigital.com.br\/index.php?rest_route=%2Fwp%2Fv2%2Fcategories&post=119024"},{"taxonomy":"post_tag","embeddable":true,"href":"https:\/\/diarioregionaldigital.com.br\/index.php?rest_route=%2Fwp%2Fv2%2Ftags&post=119024"}],"curies":[{"name":"wp","href":"https:\/\/api.w.org\/{rel}","templated":true}]}}