{"id":119018,"date":"2018-09-11T06:00:05","date_gmt":"2018-09-11T09:00:05","guid":{"rendered":"https:\/\/diarioregionaldigital.com.br\/?p=119018"},"modified":"2018-09-10T20:25:36","modified_gmt":"2018-09-10T23:25:36","slug":"edital-de-juri-3-dr-paulo-tristao-machado-junior-11-09-18","status":"publish","type":"post","link":"https:\/\/diarioregionaldigital.com.br\/?p=119018","title":{"rendered":"Edital de J\u00fari 3- Dr. Paulo Trist\u00e3o Machado J\u00fanior 11\/09\/18"},"content":{"rendered":"<p><img loading=\"lazy\" decoding=\"async\" class=\"aligncenter wp-image-119005\" src=\"https:\/\/diarioregionaldigital.com.br\/wp-content\/uploads\/2018\/09\/EDITAL-DO-J\u00daRI2.jpg\" alt=\"\" width=\"500\" height=\"1091\" srcset=\"https:\/\/diarioregionaldigital.com.br\/wp-content\/uploads\/2018\/09\/EDITAL-DO-J\u00daRI2.jpg 1356w, https:\/\/diarioregionaldigital.com.br\/wp-content\/uploads\/2018\/09\/EDITAL-DO-J\u00daRI2-138x300.jpg 138w, https:\/\/diarioregionaldigital.com.br\/wp-content\/uploads\/2018\/09\/EDITAL-DO-J\u00daRI2-768x1675.jpg 768w, https:\/\/diarioregionaldigital.com.br\/wp-content\/uploads\/2018\/09\/EDITAL-DO-J\u00daRI2-469x1024.jpg 469w, https:\/\/diarioregionaldigital.com.br\/wp-content\/uploads\/2018\/09\/EDITAL-DO-J\u00daRI2-360x785.jpg 360w\" sizes=\"auto, (max-width: 500px) 100vw, 500px\" \/><\/p>\n","protected":false},"excerpt":{"rendered":"","protected":false},"author":96,"featured_media":0,"comment_status":"closed","ping_status":"closed","sticky":false,"template":"","format":"standard","meta":{"footnotes":""},"categories":[307],"tags":[],"class_list":["post-119018","post","type-post","status-publish","format-standard","hentry","category-editais"],"_links":{"self":[{"href":"https:\/\/diarioregionaldigital.com.br\/index.php?rest_route=\/wp\/v2\/posts\/119018","targetHints":{"allow":["GET"]}}],"collection":[{"href":"https:\/\/diarioregionaldigital.com.br\/index.php?rest_route=\/wp\/v2\/posts"}],"about":[{"href":"https:\/\/diarioregionaldigital.com.br\/index.php?rest_route=\/wp\/v2\/types\/post"}],"author":[{"embeddable":true,"href":"https:\/\/diarioregionaldigital.com.br\/index.php?rest_route=\/wp\/v2\/users\/96"}],"replies":[{"embeddable":true,"href":"https:\/\/diarioregionaldigital.com.br\/index.php?rest_route=%2Fwp%2Fv2%2Fcomments&post=119018"}],"version-history":[{"count":0,"href":"https:\/\/diarioregionaldigital.com.br\/index.php?rest_route=\/wp\/v2\/posts\/119018\/revisions"}],"wp:attachment":[{"href":"https:\/\/diarioregionaldigital.com.br\/index.php?rest_route=%2Fwp%2Fv2%2Fmedia&parent=119018"}],"wp:term":[{"taxonomy":"category","embeddable":true,"href":"https:\/\/diarioregionaldigital.com.br\/index.php?rest_route=%2Fwp%2Fv2%2Fcategories&post=119018"},{"taxonomy":"post_tag","embeddable":true,"href":"https:\/\/diarioregionaldigital.com.br\/index.php?rest_route=%2Fwp%2Fv2%2Ftags&post=119018"}],"curies":[{"name":"wp","href":"https:\/\/api.w.org\/{rel}","templated":true}]}}