{"id":119008,"date":"2018-09-10T19:37:42","date_gmt":"2018-09-10T22:37:42","guid":{"rendered":"https:\/\/diarioregionaldigital.com.br\/?p=119008"},"modified":"2018-09-10T19:46:39","modified_gmt":"2018-09-10T22:46:39","slug":"acusado-de-matar-policial-civil-e-condenado","status":"publish","type":"post","link":"https:\/\/diarioregionaldigital.com.br\/?p=119008","title":{"rendered":"Acusado de matar policial civil \u00e9 condenado"},"content":{"rendered":"<p>Crisjhonny Ferreira da Silva, 28 anos, acusado de matar o policial civil Roberto Carlos Maciel, na \u00e9poca com 49 anos, com 20 facadas foi julgado pelo Tribunal do J\u00fari nesta segunda-feira, 10, no F\u00f3rum Benjamin Colucci, em Juiz de Fora. O r\u00e9u foi condenado a 13 anos em regime fechado, n\u00e3o podendo recorrer em liberdade. Ele respondia por homic\u00eddio qualificado por meio cruel e recurso que impossibilitou a defesa da v\u00edtima. A sess\u00e3o foi adiada uma semana por conta da suspens\u00e3o das atividades da Defensoria P\u00fablica.<\/p>\n<p>O crime aconteceu no dia 29 de junho de 2016, no apartamento do policial. Crisjhonny, na \u00e9poca com 26 anos, estava na casa da v\u00edtima no bairro Centen\u00e1rio, que fica ao lado da Delegacia Regional de Juiz de Fora. Ele foi \u00e0 cozinha, pegou uma faca e foi at\u00e9 o quarto de Maciel, que estava deitado, e desferiu v\u00e1rios golpes nas regi\u00f5es cervical, escapular e do pesco\u00e7o. Ap\u00f3s o crime ele utilizou o sangue do policial para escrever \u201cL\u00facifer sete fadas\u201d na parede. O autor ainda roubou v\u00e1rios objetos pessoais da v\u00edtima incluindo a arma, que durante a investiga\u00e7\u00e3o foi constatado que o r\u00e9u havia a vendido e tamb\u00e9m o carro, que foi identificado pela Pol\u00edcia Civil ap\u00f3s passar pelo ped\u00e1gio da BR-040. Crisjhonny foi preso em Barbacena, pr\u00f3ximo a um supermercado. Ele tentou fugir da abordagem, mas foi detido e confessou o crime.<\/p>\n<p>Alguns objetos da v\u00edtima foram recuperados, como a carteira de investigador e a arma. O caso foi descoberto por vizinhos que sentiram um cheiro muito forte no local e chamaram a pol\u00edcia. O corpo do policial civil Roberto Carlos Maciel foi encontrado no apartamento enrolado em um cobertor no dia 2 de julho 2016.<\/p>\n<p>Na \u00e9poca, Crisjhonny alegou que n\u00e3o se lembrava do que tinha acontecido no apartamento e quando recobrou a consci\u00eancia viu que a v\u00edtima j\u00e1 estava morta e se deparou com os dizeres sat\u00e2nicos escritos na parede.<\/p>\n<p>&nbsp;<\/p>\n<p><strong>A V\u00cdTIMA<\/strong><\/p>\n<p>Roberto Carlos Maciel estava h\u00e1 cerca de 30 anos trabalhando na Pol\u00edcia Civil. Na \u00e9poca, ele trabalhava na 3\u00aa Delegacia Distrital. O policial estava de licen\u00e7a m\u00e9dica quando ocorreu o crime e iria se aposentar no final daquele ano.<\/p>\n<p>Familiares de Roberto desconheciam a amizade com o r\u00e9u. \u201cA gente conhecia outros amigos dele, mas esse era o \u00fanico que a gente nunca teve contato\u201d, conta J\u00e9ssica Maciel sobrinha do policial. Ela ainda conta que o tio era uma pessoa muito am\u00e1vel e querida por muita gente e que a condena\u00e7\u00e3o tira um peso do cora\u00e7\u00e3o. \u201cIsso n\u00e3o vai trazer meu tio de volta. A forma que foi tirada a vida dele foi muito covarde, muito cruel e n\u00e3o pode ficar impune\u201d, conclui.<\/p>\n","protected":false},"excerpt":{"rendered":"<p>Crisjhonny Ferreira da Silva, 28 anos, acusado de matar o policial civil Roberto Carlos Maciel, na \u00e9poca com 49 anos, com 20 facadas foi julgado pelo Tribunal do J\u00fari nesta segunda-feira, 10, no F\u00f3rum Benjamin Colucci, em Juiz de Fora. O r\u00e9u foi condenado a 13 anos em regime fechado, n\u00e3o podendo recorrer em liberdade. [&hellip;]<\/p>\n","protected":false},"author":96,"featured_media":119009,"comment_status":"closed","ping_status":"closed","sticky":false,"template":"","format":"standard","meta":{"footnotes":""},"categories":[253,440,439],"tags":[],"class_list":["post-119008","post","type-post","status-publish","format-standard","has-post-thumbnail","hentry","category-cidade","category-destaques-do-dia","category-ultima-hora"],"_links":{"self":[{"href":"https:\/\/diarioregionaldigital.com.br\/index.php?rest_route=\/wp\/v2\/posts\/119008","targetHints":{"allow":["GET"]}}],"collection":[{"href":"https:\/\/diarioregionaldigital.com.br\/index.php?rest_route=\/wp\/v2\/posts"}],"about":[{"href":"https:\/\/diarioregionaldigital.com.br\/index.php?rest_route=\/wp\/v2\/types\/post"}],"author":[{"embeddable":true,"href":"https:\/\/diarioregionaldigital.com.br\/index.php?rest_route=\/wp\/v2\/users\/96"}],"replies":[{"embeddable":true,"href":"https:\/\/diarioregionaldigital.com.br\/index.php?rest_route=%2Fwp%2Fv2%2Fcomments&post=119008"}],"version-history":[{"count":0,"href":"https:\/\/diarioregionaldigital.com.br\/index.php?rest_route=\/wp\/v2\/posts\/119008\/revisions"}],"wp:featuredmedia":[{"embeddable":true,"href":"https:\/\/diarioregionaldigital.com.br\/index.php?rest_route=\/wp\/v2\/media\/119009"}],"wp:attachment":[{"href":"https:\/\/diarioregionaldigital.com.br\/index.php?rest_route=%2Fwp%2Fv2%2Fmedia&parent=119008"}],"wp:term":[{"taxonomy":"category","embeddable":true,"href":"https:\/\/diarioregionaldigital.com.br\/index.php?rest_route=%2Fwp%2Fv2%2Fcategories&post=119008"},{"taxonomy":"post_tag","embeddable":true,"href":"https:\/\/diarioregionaldigital.com.br\/index.php?rest_route=%2Fwp%2Fv2%2Ftags&post=119008"}],"curies":[{"name":"wp","href":"https:\/\/api.w.org\/{rel}","templated":true}]}}