{"id":118995,"date":"2018-09-11T06:00:49","date_gmt":"2018-09-11T09:00:49","guid":{"rendered":"https:\/\/diarioregionaldigital.com.br\/?p=118995"},"modified":"2018-09-10T20:16:29","modified_gmt":"2018-09-10T23:16:29","slug":"premium-fm-festival-4","status":"publish","type":"post","link":"https:\/\/diarioregionaldigital.com.br\/?p=118995","title":{"rendered":"\u201cPremium FM Festival\u201d"},"content":{"rendered":"<p style=\"text-align: center;\"><strong>CES\/JF<\/strong><\/p>\n<p style=\"text-align: center;\">O curso de Arquitetura e Urbanismo do CES\/JF realizou a aula inaugural \u201cCAU nas Escolas\u201d: \u201c\u00c9tica profissional, atribui\u00e7\u00f5es do arquiteto e urbanista e exerc\u00edcio ilegal da profiss\u00e3o\u201d. O evento contou com a participa\u00e7\u00e3o da arquiteta e urbanista Cec\u00edlia Maria Rabelo Geraldo, conselheira Estadual do Cau\/MG..<\/p>\n<p style=\"text-align: center;\"><strong>Xadrez<\/strong><\/p>\n<p style=\"text-align: center;\">O Independ\u00eancia Shopping receber\u00e1, quinzenalmente, a Liga X, um campeonato pra l\u00e1 de interessante para pessoas que buscam desafios em um jogo cheio de racioc\u00ednio e estrat\u00e9gia em um ambiente descontra\u00eddo e muito bem frequentado. O objetivo \u00e9 abrir a Pra\u00e7a de Alimenta\u00e7\u00e3o para o campeonato reunindo amigos, e aprender muito sobre Xadrez.<\/p>\n<p style=\"text-align: center;\"><strong>Em Festa <\/strong><\/p>\n<p style=\"text-align: center;\">Para comemorar no dia 27 de setembro, os 15 anos do Instituto Cultura do Samba, uma bela festa ser\u00e1 realizada na Escola de Samba do Grizzu, com participa\u00e7\u00e3o de delega\u00e7\u00f5es do Rio de Janeiro, Niter\u00f3i, Santos Dumont, Leopoldina, S\u00e3o Paulo e Al\u00e9m Para\u00edba. Recebendo, o presidente Regis da Veiga.<\/p>\n<p style=\"text-align: center;\"><strong>Dica<\/strong><\/p>\n<p style=\"text-align: center;\">A colet\u00e2nea Sobras Completas do premiado quadrinista Marcelo Quintanilha que lan\u00e7a \u201cTodos os Santos\u201d, antologia de obras curtas realizadas ao longo de 30 anos de carreira.<\/p>\n<p style=\"text-align: center;\"><strong>Poetando<\/strong><\/p>\n<p style=\"text-align: center;\">A cantora Martin\u00e1lia entra em est\u00fadio para gravar um \u00e1lbum, pela Biscoito Fino, com can\u00e7\u00f5es de Vin\u00edcius de Moraes. Os arranjos est\u00e3o sendo feitos pelo baixista Arthur e o guitarrista Celso Fonseca.<\/p>\n<p style=\"text-align: center;\"><span style=\"font-size: 14pt;\"><strong>\u201cPremium FM Festival\u201d<\/strong><\/span><\/p>\n<p style=\"text-align: center;\">Com o sal\u00e3o do MHall lotado, foi realizada a semifinal do evento musical \u201cPremium FM Festival\u201d. O n\u00edvel dos selecionados, a perfeita organiza\u00e7\u00e3o, o efeito de luzes, o astral da plateia e alguns participantes s\u00e3o destaques hoje nesta p\u00e1gina. Fotos de Rafaela Frutuoso.<\/p>\n<div id=\"attachment_118982\" style=\"width: 690px\" class=\"wp-caption aligncenter\"><img loading=\"lazy\" decoding=\"async\" aria-describedby=\"caption-attachment-118982\" class=\"wp-image-118982\" src=\"https:\/\/diarioregionaldigital.com.br\/wp-content\/uploads\/2018\/09\/fotoa-5.jpg\" alt=\"\" width=\"680\" height=\"453\" srcset=\"https:\/\/diarioregionaldigital.com.br\/wp-content\/uploads\/2018\/09\/fotoa-5.jpg 3456w, https:\/\/diarioregionaldigital.com.br\/wp-content\/uploads\/2018\/09\/fotoa-5-300x200.jpg 300w, https:\/\/diarioregionaldigital.com.br\/wp-content\/uploads\/2018\/09\/fotoa-5-768x512.jpg 768w, https:\/\/diarioregionaldigital.com.br\/wp-content\/uploads\/2018\/09\/fotoa-5-1024x683.jpg 1024w, https:\/\/diarioregionaldigital.com.br\/wp-content\/uploads\/2018\/09\/fotoa-5-360x240.jpg 360w\" sizes=\"auto, (max-width: 680px) 100vw, 680px\" \/><p id=\"caption-attachment-118982\" class=\"wp-caption-text\">Liliane Oliveira (coordenadora de palco), J\u00e9ssica Pereira (editora do DR) e Diego Feitosa<\/p><\/div>\n<div id=\"attachment_118984\" style=\"width: 690px\" class=\"wp-caption aligncenter\"><img loading=\"lazy\" decoding=\"async\" aria-describedby=\"caption-attachment-118984\" class=\"wp-image-118984\" src=\"https:\/\/diarioregionaldigital.com.br\/wp-content\/uploads\/2018\/09\/fotoc-1.jpg\" alt=\"\" width=\"680\" height=\"453\" srcset=\"https:\/\/diarioregionaldigital.com.br\/wp-content\/uploads\/2018\/09\/fotoc-1.jpg 2722w, https:\/\/diarioregionaldigital.com.br\/wp-content\/uploads\/2018\/09\/fotoc-1-300x200.jpg 300w, https:\/\/diarioregionaldigital.com.br\/wp-content\/uploads\/2018\/09\/fotoc-1-768x512.jpg 768w, https:\/\/diarioregionaldigital.com.br\/wp-content\/uploads\/2018\/09\/fotoc-1-1024x683.jpg 1024w, https:\/\/diarioregionaldigital.com.br\/wp-content\/uploads\/2018\/09\/fotoc-1-360x240.jpg 360w\" sizes=\"auto, (max-width: 680px) 100vw, 680px\" \/><p id=\"caption-attachment-118984\" class=\"wp-caption-text\">Gabriela Mara<\/p><\/div>\n<div id=\"attachment_118985\" style=\"width: 690px\" class=\"wp-caption aligncenter\"><img loading=\"lazy\" decoding=\"async\" aria-describedby=\"caption-attachment-118985\" class=\"wp-image-118985\" src=\"https:\/\/diarioregionaldigital.com.br\/wp-content\/uploads\/2018\/09\/fotod-4.jpg\" alt=\"\" width=\"680\" height=\"453\" srcset=\"https:\/\/diarioregionaldigital.com.br\/wp-content\/uploads\/2018\/09\/fotod-4.jpg 2977w, https:\/\/diarioregionaldigital.com.br\/wp-content\/uploads\/2018\/09\/fotod-4-300x200.jpg 300w, https:\/\/diarioregionaldigital.com.br\/wp-content\/uploads\/2018\/09\/fotod-4-768x512.jpg 768w, https:\/\/diarioregionaldigital.com.br\/wp-content\/uploads\/2018\/09\/fotod-4-1024x683.jpg 1024w, https:\/\/diarioregionaldigital.com.br\/wp-content\/uploads\/2018\/09\/fotod-4-360x240.jpg 360w\" sizes=\"auto, (max-width: 680px) 100vw, 680px\" \/><p id=\"caption-attachment-118985\" class=\"wp-caption-text\">Hosseyn Shayani, J\u00falio Magalh\u00e3es (JM Palestras), Renata Monteiro, Gilda Helena Mendon\u00e7a<\/p><\/div>\n<div id=\"attachment_118986\" style=\"width: 690px\" class=\"wp-caption aligncenter\"><img loading=\"lazy\" decoding=\"async\" aria-describedby=\"caption-attachment-118986\" class=\"wp-image-118986\" src=\"https:\/\/diarioregionaldigital.com.br\/wp-content\/uploads\/2018\/09\/fotoe-3.jpg\" alt=\"\" width=\"680\" height=\"453\" srcset=\"https:\/\/diarioregionaldigital.com.br\/wp-content\/uploads\/2018\/09\/fotoe-3.jpg 3456w, https:\/\/diarioregionaldigital.com.br\/wp-content\/uploads\/2018\/09\/fotoe-3-300x200.jpg 300w, https:\/\/diarioregionaldigital.com.br\/wp-content\/uploads\/2018\/09\/fotoe-3-768x512.jpg 768w, https:\/\/diarioregionaldigital.com.br\/wp-content\/uploads\/2018\/09\/fotoe-3-1024x683.jpg 1024w, https:\/\/diarioregionaldigital.com.br\/wp-content\/uploads\/2018\/09\/fotoe-3-360x240.jpg 360w\" sizes=\"auto, (max-width: 680px) 100vw, 680px\" \/><p id=\"caption-attachment-118986\" class=\"wp-caption-text\">Torcida Conclave<\/p><\/div>\n<div id=\"attachment_118987\" style=\"width: 690px\" class=\"wp-caption aligncenter\"><img loading=\"lazy\" decoding=\"async\" aria-describedby=\"caption-attachment-118987\" class=\"wp-image-118987\" src=\"https:\/\/diarioregionaldigital.com.br\/wp-content\/uploads\/2018\/09\/fotof-4.jpg\" alt=\"\" width=\"680\" height=\"453\" srcset=\"https:\/\/diarioregionaldigital.com.br\/wp-content\/uploads\/2018\/09\/fotof-4.jpg 3456w, https:\/\/diarioregionaldigital.com.br\/wp-content\/uploads\/2018\/09\/fotof-4-300x200.jpg 300w, https:\/\/diarioregionaldigital.com.br\/wp-content\/uploads\/2018\/09\/fotof-4-768x512.jpg 768w, https:\/\/diarioregionaldigital.com.br\/wp-content\/uploads\/2018\/09\/fotof-4-1024x683.jpg 1024w, https:\/\/diarioregionaldigital.com.br\/wp-content\/uploads\/2018\/09\/fotof-4-360x240.jpg 360w\" sizes=\"auto, (max-width: 680px) 100vw, 680px\" \/><p id=\"caption-attachment-118987\" class=\"wp-caption-text\">O apresentador e gerente comercial do Sircom, Ronald Platz<\/p><\/div>\n<div id=\"attachment_118988\" style=\"width: 690px\" class=\"wp-caption aligncenter\"><img loading=\"lazy\" decoding=\"async\" aria-describedby=\"caption-attachment-118988\" class=\"wp-image-118988\" src=\"https:\/\/diarioregionaldigital.com.br\/wp-content\/uploads\/2018\/09\/fotog-3.jpg\" alt=\"\" width=\"680\" height=\"453\" srcset=\"https:\/\/diarioregionaldigital.com.br\/wp-content\/uploads\/2018\/09\/fotog-3.jpg 3232w, https:\/\/diarioregionaldigital.com.br\/wp-content\/uploads\/2018\/09\/fotog-3-300x200.jpg 300w, https:\/\/diarioregionaldigital.com.br\/wp-content\/uploads\/2018\/09\/fotog-3-768x512.jpg 768w, https:\/\/diarioregionaldigital.com.br\/wp-content\/uploads\/2018\/09\/fotog-3-1024x683.jpg 1024w, https:\/\/diarioregionaldigital.com.br\/wp-content\/uploads\/2018\/09\/fotog-3-360x240.jpg 360w\" sizes=\"auto, (max-width: 680px) 100vw, 680px\" \/><p id=\"caption-attachment-118988\" class=\"wp-caption-text\">A banda Dr Xar\u00e1h<\/p><\/div>\n<div id=\"attachment_118989\" style=\"width: 690px\" class=\"wp-caption aligncenter\"><img loading=\"lazy\" decoding=\"async\" aria-describedby=\"caption-attachment-118989\" class=\"wp-image-118989\" src=\"https:\/\/diarioregionaldigital.com.br\/wp-content\/uploads\/2018\/09\/fotoh-3.jpg\" alt=\"\" width=\"680\" height=\"453\" srcset=\"https:\/\/diarioregionaldigital.com.br\/wp-content\/uploads\/2018\/09\/fotoh-3.jpg 3456w, https:\/\/diarioregionaldigital.com.br\/wp-content\/uploads\/2018\/09\/fotoh-3-300x200.jpg 300w, https:\/\/diarioregionaldigital.com.br\/wp-content\/uploads\/2018\/09\/fotoh-3-768x512.jpg 768w, https:\/\/diarioregionaldigital.com.br\/wp-content\/uploads\/2018\/09\/fotoh-3-1024x683.jpg 1024w, https:\/\/diarioregionaldigital.com.br\/wp-content\/uploads\/2018\/09\/fotoh-3-360x240.jpg 360w\" sizes=\"auto, (max-width: 680px) 100vw, 680px\" \/><p id=\"caption-attachment-118989\" class=\"wp-caption-text\">Na cobertura para DR e TVE Eduardo Gomes e Jos\u00e9 Roberto Abramo (Vai Al\u00ed)<\/p><\/div>\n<div id=\"attachment_118990\" style=\"width: 690px\" class=\"wp-caption aligncenter\"><img loading=\"lazy\" decoding=\"async\" aria-describedby=\"caption-attachment-118990\" class=\"wp-image-118990\" src=\"https:\/\/diarioregionaldigital.com.br\/wp-content\/uploads\/2018\/09\/fotoi-5.jpg\" alt=\"\" width=\"680\" height=\"453\" srcset=\"https:\/\/diarioregionaldigital.com.br\/wp-content\/uploads\/2018\/09\/fotoi-5.jpg 3456w, https:\/\/diarioregionaldigital.com.br\/wp-content\/uploads\/2018\/09\/fotoi-5-300x200.jpg 300w, https:\/\/diarioregionaldigital.com.br\/wp-content\/uploads\/2018\/09\/fotoi-5-768x512.jpg 768w, https:\/\/diarioregionaldigital.com.br\/wp-content\/uploads\/2018\/09\/fotoi-5-1024x683.jpg 1024w, https:\/\/diarioregionaldigital.com.br\/wp-content\/uploads\/2018\/09\/fotoi-5-360x240.jpg 360w\" sizes=\"auto, (max-width: 680px) 100vw, 680px\" \/><p id=\"caption-attachment-118990\" class=\"wp-caption-text\">Banda Subefeito<\/p><\/div>\n<div id=\"attachment_118991\" style=\"width: 690px\" class=\"wp-caption aligncenter\"><img loading=\"lazy\" decoding=\"async\" aria-describedby=\"caption-attachment-118991\" class=\"wp-image-118991\" src=\"https:\/\/diarioregionaldigital.com.br\/wp-content\/uploads\/2018\/09\/fotoj-2.jpg\" alt=\"\" width=\"680\" height=\"453\" srcset=\"https:\/\/diarioregionaldigital.com.br\/wp-content\/uploads\/2018\/09\/fotoj-2.jpg 3060w, https:\/\/diarioregionaldigital.com.br\/wp-content\/uploads\/2018\/09\/fotoj-2-300x200.jpg 300w, https:\/\/diarioregionaldigital.com.br\/wp-content\/uploads\/2018\/09\/fotoj-2-768x512.jpg 768w, https:\/\/diarioregionaldigital.com.br\/wp-content\/uploads\/2018\/09\/fotoj-2-1024x683.jpg 1024w, https:\/\/diarioregionaldigital.com.br\/wp-content\/uploads\/2018\/09\/fotoj-2-360x240.jpg 360w\" sizes=\"auto, (max-width: 680px) 100vw, 680px\" \/><p id=\"caption-attachment-118991\" class=\"wp-caption-text\">S\u00f4nia Bonin, Jos\u00e9 Milton, Wesley Bonin (Banda Condenados Livres) e J\u00e9ssica Bonin<\/p><\/div>\n<div id=\"attachment_118992\" style=\"width: 690px\" class=\"wp-caption aligncenter\"><img loading=\"lazy\" decoding=\"async\" aria-describedby=\"caption-attachment-118992\" class=\"wp-image-118992\" src=\"https:\/\/diarioregionaldigital.com.br\/wp-content\/uploads\/2018\/09\/fotol-1-e1536611665863.jpg\" alt=\"\" width=\"680\" height=\"530\" srcset=\"https:\/\/diarioregionaldigital.com.br\/wp-content\/uploads\/2018\/09\/fotol-1-e1536611665863.jpg 2304w, https:\/\/diarioregionaldigital.com.br\/wp-content\/uploads\/2018\/09\/fotol-1-e1536611665863-300x234.jpg 300w, https:\/\/diarioregionaldigital.com.br\/wp-content\/uploads\/2018\/09\/fotol-1-e1536611665863-768x599.jpg 768w, https:\/\/diarioregionaldigital.com.br\/wp-content\/uploads\/2018\/09\/fotol-1-e1536611665863-1024x799.jpg 1024w, https:\/\/diarioregionaldigital.com.br\/wp-content\/uploads\/2018\/09\/fotol-1-e1536611665863-360x281.jpg 360w\" sizes=\"auto, (max-width: 680px) 100vw, 680px\" \/><p id=\"caption-attachment-118992\" class=\"wp-caption-text\">Eder Bonin da Banda Condenados Livres<\/p><\/div>\n<p style=\"text-align: center;\"><strong>FOTOSS\u00cdNTESE<\/strong><\/p>\n<p>Para conscientizar a sociedade e a justi\u00e7a sobre o C\u00f3digo de Defesa do Consumidor, o presidente da OAB\/JF, Jo\u00e3o Louren\u00e7o, lan\u00e7ou no F\u00f3rum Benjamin Colucci a campanha \u201cMero aborrecimento tem valor\u201d.<\/p>\n<p>Repercutindo na cidade o minicurso coordenado pelo padre Dalton Barros de Almeida na Biblioteca Redentorista. O tema foi \u201cO ps\u00edquico e o espiritual crist\u00e3o\u201d.<\/p>\n<p>Din\u00e2micas e atuantes, as professoras Alexandra Aparecida Eiras e Marina Monteiro de Castro assumiram a dire\u00e7\u00e3o da Faculdade de Servi\u00e7o Social da UFJF.<\/p>\n<p>O Col\u00e9gio Academia est\u00e1 em festa. As professoras de Ci\u00eancias, Patr\u00edcia Costa e Jisleny Pereira, comemoram a conquista do \u201cPr\u00eamio Excel\u00eancia Poliedro\u201d, com os projetos \u201cBiomas brasileiros e Minecraft\u201d e \u201cJovem pesquisador\u201d.<\/p>\n<p>Not\u00edcia chega do Vale do A\u00e7o dando conta que a Usiminas (Ipatinga) foi a \u00fanica sider\u00fargica do mercado a receber o pr\u00eamio Top Supplier 2018 da Ford.<\/p>\n<p>Fazendo sucesso no YouTube o videoclipe da m\u00fasica \u201cGravidade\u201d, da banda Cravo. Uma beleza.<\/p>\n<p>Retornando de temporada em Arraial do Cabo, Zez\u00e9 do Pandeiro e Neide Almada com a filha D\u00e9bora Almada.<\/p>\n<p>Para o dia 19 de setembro, o Clube do Filet vai colocar na mesa jantar harmonizado a Miolo.<\/p>\n<p>Mariana Noronha afivelando as malas para um tour pelo Chile.<\/p>\n<p>Com coordena\u00e7\u00e3o de Ana Maria Roberto e dentro do Projeto JF\/Haiti, ser\u00e1 dia 23, no Semin\u00e1rio Santo Ant\u00f4nio, a feijoada em prol dos haitianos assistidos pela Associa\u00e7\u00e3o e Fraternidade S\u00e3o Francisco de Assis da Provid\u00eancia de Deus.<\/p>\n<p>Para ficar ligado: O mundo seria melhor se tiv\u00e9ssemos menos dedos apontados e mais m\u00e3os estendidas. Bom dia.<\/p>\n","protected":false},"excerpt":{"rendered":"<p>CES\/JF O curso de Arquitetura e Urbanismo do CES\/JF realizou a aula inaugural \u201cCAU nas Escolas\u201d: \u201c\u00c9tica profissional, atribui\u00e7\u00f5es do arquiteto e urbanista e exerc\u00edcio ilegal da profiss\u00e3o\u201d. O evento contou com a participa\u00e7\u00e3o da arquiteta e urbanista Cec\u00edlia Maria Rabelo Geraldo, conselheira Estadual do Cau\/MG.. Xadrez O Independ\u00eancia Shopping receber\u00e1, quinzenalmente, a Liga X, [&hellip;]<\/p>\n","protected":false},"author":96,"featured_media":118982,"comment_status":"closed","ping_status":"closed","sticky":false,"template":"","format":"standard","meta":{"footnotes":""},"categories":[264],"tags":[],"class_list":["post-118995","post","type-post","status-publish","format-standard","has-post-thumbnail","hentry","category-eduardo-gomes"],"_links":{"self":[{"href":"https:\/\/diarioregionaldigital.com.br\/index.php?rest_route=\/wp\/v2\/posts\/118995","targetHints":{"allow":["GET"]}}],"collection":[{"href":"https:\/\/diarioregionaldigital.com.br\/index.php?rest_route=\/wp\/v2\/posts"}],"about":[{"href":"https:\/\/diarioregionaldigital.com.br\/index.php?rest_route=\/wp\/v2\/types\/post"}],"author":[{"embeddable":true,"href":"https:\/\/diarioregionaldigital.com.br\/index.php?rest_route=\/wp\/v2\/users\/96"}],"replies":[{"embeddable":true,"href":"https:\/\/diarioregionaldigital.com.br\/index.php?rest_route=%2Fwp%2Fv2%2Fcomments&post=118995"}],"version-history":[{"count":0,"href":"https:\/\/diarioregionaldigital.com.br\/index.php?rest_route=\/wp\/v2\/posts\/118995\/revisions"}],"wp:featuredmedia":[{"embeddable":true,"href":"https:\/\/diarioregionaldigital.com.br\/index.php?rest_route=\/wp\/v2\/media\/118982"}],"wp:attachment":[{"href":"https:\/\/diarioregionaldigital.com.br\/index.php?rest_route=%2Fwp%2Fv2%2Fmedia&parent=118995"}],"wp:term":[{"taxonomy":"category","embeddable":true,"href":"https:\/\/diarioregionaldigital.com.br\/index.php?rest_route=%2Fwp%2Fv2%2Fcategories&post=118995"},{"taxonomy":"post_tag","embeddable":true,"href":"https:\/\/diarioregionaldigital.com.br\/index.php?rest_route=%2Fwp%2Fv2%2Ftags&post=118995"}],"curies":[{"name":"wp","href":"https:\/\/api.w.org\/{rel}","templated":true}]}}