{"id":118979,"date":"2018-09-10T16:29:27","date_gmt":"2018-09-10T19:29:27","guid":{"rendered":"https:\/\/diarioregionaldigital.com.br\/?p=118979"},"modified":"2018-09-10T16:29:27","modified_gmt":"2018-09-10T19:29:27","slug":"jovem-alvo-de-boatos-envolvendo-ataque-a-bolsonaro-denuncia-ameacas","status":"publish","type":"post","link":"https:\/\/diarioregionaldigital.com.br\/?p=118979","title":{"rendered":"Jovem alvo de boatos envolvendo ataque a Bolsonaro denuncia amea\u00e7as"},"content":{"rendered":"<p>Uma jovem de 18 anos, moradora de Juiz de Fora (MG), denunciou \u00e0 Pol\u00edcia Federal (PF) e \u00e0 pol\u00edcia de Minas Gerais estar recebendo amea\u00e7as de morte ap\u00f3s ser acusada por internautas de participar do ataque contra o candidato \u00e0 Presid\u00eancia da Rep\u00fablica, Jair Bolsonaro. A estudante passou a ser alvo de amea\u00e7as ap\u00f3s a agress\u00e3o sofrida pelo candidato \u00e0 Presid\u00eancia pelo PSL, Jair Bolsonaro, no \u00faltimo dia 6.<\/p>\n<p>A m\u00e3e da estudante A.C. garante que a filha foi confundida com uma mulher hom\u00f4nima que alguns internautas acusam de ter entregue a Ad\u00e9lio Bispo de Oliveira a faca com que o desempregado feriu o pol\u00edtico. A jovem \u00e9 a segunda pessoa cujo nome e dados pessoais s\u00e3o divulgados nas redes sociais por internautas que as acusam, sem provas, de participa\u00e7\u00e3o no crime.<\/p>\n<p>\u201cExistem muitas pessoas com um nome parecido ao da minha filha. De repente, ela come\u00e7ou a ver sua foto divulgada nas redes sociais. Divulgaram inclusive o n\u00famero do telefone dela. Passaram a telefonar dizendo que v\u00e3o encontr\u00e1-la; que v\u00e3o mat\u00e1-la; que ela deve ser presa\u201d, contou a m\u00e3e da menina \u00e0 Ag\u00eancia Brasil, que prefere manter o sigilo do nome para preserva\u00e7\u00e3o da fam\u00edlia.<\/p>\n<p>Com um tom de voz preocupado, a m\u00e3e da jovem disse que a filha est\u00e1 com medo. \u201cEla est\u00e1 muito assustada com tudo o que est\u00e1 acontecendo. N\u00e3o est\u00e1 saindo de casa e apagou tudo das redes sociais.\u201d<\/p>\n<p><strong>\u00a0<\/strong><\/p>\n<p><strong>Explica\u00e7\u00f5es<\/strong><\/p>\n<p>A m\u00e3e acrescentou ainda que a filha, que est\u00e1 no ensino m\u00e9dio, estava em casa no momento em que o candidato foi esfaqueado e n\u00e3o tem envolvimento com pol\u00edtica partid\u00e1ria. \u201cN\u00f3s ainda nem sabemos ao certo em quem vamos votar. Conversamos sobre pol\u00edtica como qualquer fam\u00edlia ou pessoa\u201d, acrescentou a m\u00e3e da menina, pedindo que seu nome n\u00e3o fosse divulgado.<\/p>\n<p>Temendo pela seguran\u00e7a da filha, a fam\u00edlia deu queixa das amea\u00e7as \u00e0 pol\u00edcia e compareceu \u00e0 delegacia da Pol\u00edcia Federal (PF), em Juiz de Fora. \u00c9 a PF quem est\u00e1 investigando o ataque contra Bolsonaro \u2013 inclusive se o agressor recebeu ajuda de algu\u00e9m. Detido logo ap\u00f3s desferir a facada que atingiu os intestinos grosso e delgado do candidato, Ad\u00e9lio Bispo de Oliveira confessou o crime. Durante seu depoimento, Oliveira disse ter agido sozinho, por ordem de Deus.<\/p>\n<p><strong>\u00a0<\/strong><strong>Outro Lado<\/strong><\/p>\n<p>Por meio de sua assessoria, a PF confirmou que o delegado-substituto de Juiz de Fora recebeu a m\u00e3e e a menina esta manh\u00e3 e que nem a jovem, nem qualquer outra pessoa cujo nome est\u00e1 sendo divulgado na internet s\u00e3o investigadas. Ainda de acordo com a assessoria, peritos j\u00e1 analisaram diversas grava\u00e7\u00f5es do momento do ataque, sem identificar nada que acrescentasse ao que o agressor disse em depoimento.<\/p>\n<p>Oliveira foi indiciado no Artigo 20 da Lei de Seguran\u00e7a Nacional, que prev\u00ea ataques \u00e0 pessoas ou atos de terrorismo praticados por inconformismo pol\u00edtico ou para a obten\u00e7\u00e3o de fundos destinados \u00e0 manuten\u00e7\u00e3o de organiza\u00e7\u00f5es pol\u00edticas clandestinas ou subversivas s\u00e3o pass\u00edveis de pena de reclus\u00e3o de at\u00e9 dez anos \u2013 puni\u00e7\u00e3o que pode ser dobrada quando houver les\u00e3o corporal grave; ou triplicada quando o ataque causar a morte da v\u00edtima.<\/p>\n<p>Em sua conta no Twitter, o filho de Jair Bolsonaro, o deputado federal Fl\u00e1vio Bolsonaro (PSL-RJ), escreveu que algumas pessoas tratadas nos v\u00eddeos como se tivessem colaborado com o atentado j\u00e1 foram identificadas e n\u00e3o t\u00eam rela\u00e7\u00e3o com o crime.<\/p>\n<p>&nbsp;<\/p>\n<p>Fonte: Ag\u00eancia Brasil<\/p>\n","protected":false},"excerpt":{"rendered":"<p>Uma jovem de 18 anos, moradora de Juiz de Fora (MG), denunciou \u00e0 Pol\u00edcia Federal (PF) e \u00e0 pol\u00edcia de Minas Gerais estar recebendo amea\u00e7as de morte ap\u00f3s ser acusada por internautas de participar do ataque contra o candidato \u00e0 Presid\u00eancia da Rep\u00fablica, Jair Bolsonaro. A estudante passou a ser alvo de amea\u00e7as ap\u00f3s a [&hellip;]<\/p>\n","protected":false},"author":96,"featured_media":118980,"comment_status":"closed","ping_status":"closed","sticky":false,"template":"","format":"standard","meta":{"footnotes":""},"categories":[253,440,254,439],"tags":[],"class_list":["post-118979","post","type-post","status-publish","format-standard","has-post-thumbnail","hentry","category-cidade","category-destaques-do-dia","category-politica","category-ultima-hora"],"_links":{"self":[{"href":"https:\/\/diarioregionaldigital.com.br\/index.php?rest_route=\/wp\/v2\/posts\/118979","targetHints":{"allow":["GET"]}}],"collection":[{"href":"https:\/\/diarioregionaldigital.com.br\/index.php?rest_route=\/wp\/v2\/posts"}],"about":[{"href":"https:\/\/diarioregionaldigital.com.br\/index.php?rest_route=\/wp\/v2\/types\/post"}],"author":[{"embeddable":true,"href":"https:\/\/diarioregionaldigital.com.br\/index.php?rest_route=\/wp\/v2\/users\/96"}],"replies":[{"embeddable":true,"href":"https:\/\/diarioregionaldigital.com.br\/index.php?rest_route=%2Fwp%2Fv2%2Fcomments&post=118979"}],"version-history":[{"count":0,"href":"https:\/\/diarioregionaldigital.com.br\/index.php?rest_route=\/wp\/v2\/posts\/118979\/revisions"}],"wp:featuredmedia":[{"embeddable":true,"href":"https:\/\/diarioregionaldigital.com.br\/index.php?rest_route=\/wp\/v2\/media\/118980"}],"wp:attachment":[{"href":"https:\/\/diarioregionaldigital.com.br\/index.php?rest_route=%2Fwp%2Fv2%2Fmedia&parent=118979"}],"wp:term":[{"taxonomy":"category","embeddable":true,"href":"https:\/\/diarioregionaldigital.com.br\/index.php?rest_route=%2Fwp%2Fv2%2Fcategories&post=118979"},{"taxonomy":"post_tag","embeddable":true,"href":"https:\/\/diarioregionaldigital.com.br\/index.php?rest_route=%2Fwp%2Fv2%2Ftags&post=118979"}],"curies":[{"name":"wp","href":"https:\/\/api.w.org\/{rel}","templated":true}]}}