{"id":118976,"date":"2018-09-10T15:56:03","date_gmt":"2018-09-10T18:56:03","guid":{"rendered":"https:\/\/diarioregionaldigital.com.br\/?p=118976"},"modified":"2018-09-11T08:18:31","modified_gmt":"2018-09-11T11:18:31","slug":"prefeitura-abre-inscricoes-para-o-festival-das-escolas-municipais-de-danca-educacao-2018","status":"publish","type":"post","link":"https:\/\/diarioregionaldigital.com.br\/?p=118976","title":{"rendered":"Prefeitura abre inscri\u00e7\u00f5es para o Festival das Escolas Municipais de Dan\u00e7a Educa\u00e7\u00e3o 2018"},"content":{"rendered":"<p>Dan\u00e7arinos das escolas e projetos sociais da Prefeitura de Juiz de Fora (PJF) j\u00e1 podem come\u00e7ar a ensaiar as coreografias. As inscri\u00e7\u00f5es para o \u201c19\u00ba Festival das Escolas Municipais de Dan\u00e7a Educa\u00e7\u00e3o\u201d (Femde) j\u00e1 come\u00e7aram e podem ser realizadas at\u00e9 o pr\u00f3ximo dia 18. A ficha t\u00e9cnica e os documentos necess\u00e1rios est\u00e3o descritos no edital, que foi enviado para as escolas e se encontra no site da PJF,\u00a0<a href=\"https:\/\/www.pjf.mg.gov.br\/secretarias\/sel\/eventos\/festival_danca\/index.php\">https:\/\/www.pjf.mg.gov.br<\/a>. A inscri\u00e7\u00e3o pode ser feita das 8 \u00e0s 12 horas e das 14 \u00e0s 18 horas, diretamente na Secretaria de Esporte e Lazer (SEL), na Avenida Rui Barbosa, 530, Santa Terezinha.<\/p>\n<p>O evento \u00e9 uma parceria das Secretarias de Esporte e Lazer e de Educa\u00e7\u00e3o e ser\u00e1 realizado no Cine-Theatro Central, no dia 4 de novembro. O objetivo \u00e9 incentivar a pr\u00e1tica de dan\u00e7a-educa\u00e7\u00e3o e divulgar o trabalho realizado pelos alunos e professores dos projetos da PJF. O Femde proporciona aos alunos a experi\u00eancia de se apresentar em um palco profissional, com expectadores. Para familiares e amigos, \u00e9 uma oportunidade de assistir \u00e0s performances no principal teatro da cidade.<\/p>\n<p>No ato de inscri\u00e7\u00e3o, ser\u00e3o exigidos os seguintes documentos:<\/p>\n<p>&#8211; Ficha t\u00e9cnica, devidamente preenchida, com a sinopse detalhada da proposta.<\/p>\n<p>&#8211; C\u00f3pia da Carteira de Identidade dos alunos participantes e de seus respons\u00e1veis legais, autoriza\u00e7\u00f5es dos respons\u00e1veis. A m\u00eddia com a m\u00fasica da apresenta\u00e7\u00e3o dever\u00e1 ser entregue na SEL at\u00e9 11 de outubro.<\/p>\n<p>Os trabalhos dever\u00e3o ser apresentados com, no m\u00ednimo, 20 alunos, caso contr\u00e1rio, as institui\u00e7\u00f5es dever\u00e3o apresentar justificativa, que ser\u00e1 analisada pela comiss\u00e3o organizadora. N\u00e3o ser\u00e3o admitidas modifica\u00e7\u00f5es, inclus\u00f5es ou substitui\u00e7\u00f5es de documenta\u00e7\u00e3o depois de sua inscri\u00e7\u00e3o. Ser\u00e3o indeferidas as inscri\u00e7\u00f5es que estiverem em desacordo com as normas, condi\u00e7\u00f5es e especifica\u00e7\u00f5es previstas no regulamento.<\/p>\n<p>&nbsp;<\/p>\n<p>Fonte: Assessoria PJF<\/p>\n","protected":false},"excerpt":{"rendered":"<p>Dan\u00e7arinos das escolas e projetos sociais da Prefeitura de Juiz de Fora (PJF) j\u00e1 podem come\u00e7ar a ensaiar as coreografias. As inscri\u00e7\u00f5es para o \u201c19\u00ba Festival das Escolas Municipais de Dan\u00e7a Educa\u00e7\u00e3o\u201d (Femde) j\u00e1 come\u00e7aram e podem ser realizadas at\u00e9 o pr\u00f3ximo dia 18. A ficha t\u00e9cnica e os documentos necess\u00e1rios est\u00e3o descritos no edital, [&hellip;]<\/p>\n","protected":false},"author":96,"featured_media":118977,"comment_status":"closed","ping_status":"closed","sticky":false,"template":"","format":"standard","meta":{"footnotes":""},"categories":[256,436,439],"tags":[],"class_list":["post-118976","post","type-post","status-publish","format-standard","has-post-thumbnail","hentry","category-cultura","category-destaque-da-semana","category-ultima-hora"],"_links":{"self":[{"href":"https:\/\/diarioregionaldigital.com.br\/index.php?rest_route=\/wp\/v2\/posts\/118976","targetHints":{"allow":["GET"]}}],"collection":[{"href":"https:\/\/diarioregionaldigital.com.br\/index.php?rest_route=\/wp\/v2\/posts"}],"about":[{"href":"https:\/\/diarioregionaldigital.com.br\/index.php?rest_route=\/wp\/v2\/types\/post"}],"author":[{"embeddable":true,"href":"https:\/\/diarioregionaldigital.com.br\/index.php?rest_route=\/wp\/v2\/users\/96"}],"replies":[{"embeddable":true,"href":"https:\/\/diarioregionaldigital.com.br\/index.php?rest_route=%2Fwp%2Fv2%2Fcomments&post=118976"}],"version-history":[{"count":0,"href":"https:\/\/diarioregionaldigital.com.br\/index.php?rest_route=\/wp\/v2\/posts\/118976\/revisions"}],"wp:featuredmedia":[{"embeddable":true,"href":"https:\/\/diarioregionaldigital.com.br\/index.php?rest_route=\/wp\/v2\/media\/118977"}],"wp:attachment":[{"href":"https:\/\/diarioregionaldigital.com.br\/index.php?rest_route=%2Fwp%2Fv2%2Fmedia&parent=118976"}],"wp:term":[{"taxonomy":"category","embeddable":true,"href":"https:\/\/diarioregionaldigital.com.br\/index.php?rest_route=%2Fwp%2Fv2%2Fcategories&post=118976"},{"taxonomy":"post_tag","embeddable":true,"href":"https:\/\/diarioregionaldigital.com.br\/index.php?rest_route=%2Fwp%2Fv2%2Ftags&post=118976"}],"curies":[{"name":"wp","href":"https:\/\/api.w.org\/{rel}","templated":true}]}}