{"id":118973,"date":"2018-09-10T15:30:15","date_gmt":"2018-09-10T18:30:15","guid":{"rendered":"https:\/\/diarioregionaldigital.com.br\/?p=118973"},"modified":"2018-09-10T15:30:15","modified_gmt":"2018-09-10T18:30:15","slug":"militares-terao-20-dias-de-licenca-paternidade","status":"publish","type":"post","link":"https:\/\/diarioregionaldigital.com.br\/?p=118973","title":{"rendered":"Militares ter\u00e3o 20 dias de licen\u00e7a-paternidade"},"content":{"rendered":"<p>O Plen\u00e1rio do Senado aprovou projeto de lei que aumenta a licen\u00e7a-paternidade de militares de 5 para 20 dias. O PLC 41\/2018 vai \u00e0 san\u00e7\u00e3o.<\/p>\n<p>A senadora Ana Am\u00e9lia (PP-RS), relatora da proposta na Comiss\u00e3o de Rela\u00e7\u00f5es Exteriores e Defesa Nacional (CRE) defendeu a medida ao lembrar que o benef\u00edcio j\u00e1 \u00e9 v\u00e1lido para os demais servidores p\u00fablicos.<\/p>\n<p>Atualmente, os servidores p\u00fablicos civis da Uni\u00e3o, regidos pela Lei 8.112, de 1990, t\u00eam direito \u00e0 extens\u00e3o da licen\u00e7a-paternidade pelo prazo de 15 dias desde 2016. No setor privado, o benef\u00edcio \u00e9 regulado pela Lei 13.257, de 2016, para empresas que participam do Programa Empresa Cidad\u00e3.<\/p>\n<p>Ana Am\u00e9lia apontou ainda que \u00e9 comum na carreira militar, devido a exig\u00eancias profissionais, per\u00edodos de afastamento da fam\u00edlia que podem se prolongar por semanas ou at\u00e9 meses. Por isso ela entende que \u00e9 importante aprovar a mudan\u00e7a na legisla\u00e7\u00e3o, permitindo que os militares possam estar em casa por mais tempo quando nascer um filho.<\/p>\n<p>\u201cO compartilhamento de tarefas entre pai e m\u00e3e num momento t\u00e3o crucial \u00e9 fundamental, contribui inclusive para a diminui\u00e7\u00e3o de graves problemas como a depress\u00e3o p\u00f3s-parto\u201d, apontou.<\/p>\n<p>&nbsp;<\/p>\n<p>Fonte: Ag\u00eancia Senado<\/p>\n","protected":false},"excerpt":{"rendered":"<p>O Plen\u00e1rio do Senado aprovou projeto de lei que aumenta a licen\u00e7a-paternidade de militares de 5 para 20 dias. O PLC 41\/2018 vai \u00e0 san\u00e7\u00e3o. A senadora Ana Am\u00e9lia (PP-RS), relatora da proposta na Comiss\u00e3o de Rela\u00e7\u00f5es Exteriores e Defesa Nacional (CRE) defendeu a medida ao lembrar que o benef\u00edcio j\u00e1 \u00e9 v\u00e1lido para os [&hellip;]<\/p>\n","protected":false},"author":96,"featured_media":118974,"comment_status":"closed","ping_status":"closed","sticky":false,"template":"","format":"standard","meta":{"footnotes":""},"categories":[254,439],"tags":[],"class_list":["post-118973","post","type-post","status-publish","format-standard","has-post-thumbnail","hentry","category-politica","category-ultima-hora"],"_links":{"self":[{"href":"https:\/\/diarioregionaldigital.com.br\/index.php?rest_route=\/wp\/v2\/posts\/118973","targetHints":{"allow":["GET"]}}],"collection":[{"href":"https:\/\/diarioregionaldigital.com.br\/index.php?rest_route=\/wp\/v2\/posts"}],"about":[{"href":"https:\/\/diarioregionaldigital.com.br\/index.php?rest_route=\/wp\/v2\/types\/post"}],"author":[{"embeddable":true,"href":"https:\/\/diarioregionaldigital.com.br\/index.php?rest_route=\/wp\/v2\/users\/96"}],"replies":[{"embeddable":true,"href":"https:\/\/diarioregionaldigital.com.br\/index.php?rest_route=%2Fwp%2Fv2%2Fcomments&post=118973"}],"version-history":[{"count":0,"href":"https:\/\/diarioregionaldigital.com.br\/index.php?rest_route=\/wp\/v2\/posts\/118973\/revisions"}],"wp:featuredmedia":[{"embeddable":true,"href":"https:\/\/diarioregionaldigital.com.br\/index.php?rest_route=\/wp\/v2\/media\/118974"}],"wp:attachment":[{"href":"https:\/\/diarioregionaldigital.com.br\/index.php?rest_route=%2Fwp%2Fv2%2Fmedia&parent=118973"}],"wp:term":[{"taxonomy":"category","embeddable":true,"href":"https:\/\/diarioregionaldigital.com.br\/index.php?rest_route=%2Fwp%2Fv2%2Fcategories&post=118973"},{"taxonomy":"post_tag","embeddable":true,"href":"https:\/\/diarioregionaldigital.com.br\/index.php?rest_route=%2Fwp%2Fv2%2Ftags&post=118973"}],"curies":[{"name":"wp","href":"https:\/\/api.w.org\/{rel}","templated":true}]}}