{"id":118970,"date":"2018-09-10T14:56:17","date_gmt":"2018-09-10T17:56:17","guid":{"rendered":"https:\/\/diarioregionaldigital.com.br\/?p=118970"},"modified":"2018-09-10T14:56:17","modified_gmt":"2018-09-10T17:56:17","slug":"senado-podera-criar-cpi-dos-museus","status":"publish","type":"post","link":"https:\/\/diarioregionaldigital.com.br\/?p=118970","title":{"rendered":"Senado poder\u00e1 criar CPI dos Museus"},"content":{"rendered":"<p>O Senado pode instalar ainda neste ano uma comiss\u00e3o parlamentar de inqu\u00e9rito (CPI) para investigar a situa\u00e7\u00e3o dos museus brasileiros. O senador Cristovam Buarque (PPS-DF) apresentou um requerimento para a cria\u00e7\u00e3o da CPI na \u00faltima quarta-feira, 5. No domingo, 2, um inc\u00eandio destruiu quase todo o acervo do Museu Nacional, no Rio de Janeiro. A institui\u00e7\u00e3o \u00e9 administrada pela Universidade Federal do Rio de Janeiro (UFRJ).<\/p>\n<p>O requerimento conta com 28 assinaturas, uma a mais do que o exigido pelo Regimento Interno. O pedido est\u00e1 na Secretaria-Geral da Mesa e aguarda leitura no Plen\u00e1rio da Casa. At\u00e9 l\u00e1, senadores podem retirar ou acrescentar apoiamentos.<\/p>\n<p>Para Cristovam Buarque, \u00e9 preciso \u201capurar o que est\u00e1 acontecendo com a cultura brasileira\u201d. Ele acredita que a m\u00e1 gest\u00e3o \u00e9 um dos fatores que podem explicar a destrui\u00e7\u00e3o do museu.<\/p>\n<p>&#8220;Uma universidade que tem R$3 bilh\u00f5es de or\u00e7amento poderia gastar R$500 mil na fia\u00e7\u00e3o e na manuten\u00e7\u00e3o de um museu. \u00c9 imposs\u00edvel que um m\u00ednimo de boa gest\u00e3o n\u00e3o fosse capaz de conseguir R$500 mil em um or\u00e7amento de R$3,4 bilh\u00f5es&#8221;, argumenta.<\/p>\n<p>O senador Jorge Viana (PT-AC) defendeu a instala\u00e7\u00e3o da CPI. Ele atribuiu ao presidente Michel Temer a \u201cirresponsabilidade com a cultura e a ci\u00eancia\u201d do pa\u00eds.<\/p>\n<p>&#8220;Devemos constituir mecanismo para apurar e p\u00f4r o dedo nessa ferida. O que houve n\u00e3o foi apenas mais um inc\u00eandio: foi um crime cometido por essa pol\u00edtica da insensatez que tomou conta do Brasil. Precisamos apurar responsabilidade. N\u00e3o \u00e9 apenas para punir, mas \u00e9 apurar para que erros como esses n\u00e3o se repitam. \u00c9 inaceit\u00e1vel&#8221;, afirma.<\/p>\n<p>O l\u00edder do governo, senador Fernando Bezerra Coelho (MDB-PE), defende a instala\u00e7\u00e3o da CPI. Mas argumenta que \u201ca responsabilidade pela m\u00e1 conserva\u00e7\u00e3o da mem\u00f3ria nacional\u201d \u00e9 anterior \u00e0 gest\u00e3o do presidente Michel Temer. Segundo o parlamentar, o Minist\u00e9rio da Educa\u00e7\u00e3o destinou R$9,4 bilh\u00f5es \u00e0 UFRJ entre 2016 e 2018.<\/p>\n<p>&#8220;N\u00e3o \u00e9 algo que aconteceu nesses \u00faltimos dois anos e meio. Muito pelo contr\u00e1rio: essa \u00e9 uma falha que se verifica de muitas administra\u00e7\u00f5es federais no nosso pa\u00eds. O que ocorreu no Museu Nacional merece a mais firme resposta. Mas \u00e9 importante que a gente n\u00e3o deixe resvalar as avalia\u00e7\u00f5es para quest\u00f5es partid\u00e1rias ou para quest\u00f5es de natureza mais imediata, que n\u00e3o contribuem para identificar as reais causas e a solu\u00e7\u00e3o que todos n\u00f3s devemos buscar&#8221;, avalia.<\/p>\n<h3><strong>Disputa pol\u00edtica<\/strong><\/h3>\n<p>O inc\u00eandio no Museu Nacional dominou os debates em Plen\u00e1rio ao longo da semana. Parlamentares da oposi\u00e7\u00e3o refor\u00e7aram as cr\u00edticas \u00e0 gest\u00e3o do presidente Michel Temer. Para eles, a Emenda Constitucional 95, que limita as despesas da Uni\u00e3o, compromete o or\u00e7amento destinado \u00e0 manuten\u00e7\u00e3o dos museus.<\/p>\n<p>O senador Paulo Paim (PT-RS) citou um levantamento da Comiss\u00e3o de Or\u00e7amento da C\u00e2mara, com base em dados do Sistema Integrado de Administra\u00e7\u00e3o Financeira (Siafi). De acordo com o estudo, os repasses para o Museu Nacional ca\u00edram de R$979 mil em 2013 para R$643 mil em 2017 \u2014 uma redu\u00e7\u00e3o de 34% na verba destinada \u00e0 capacita\u00e7\u00e3o de servidores, bolsas de estudo, reestrutura\u00e7\u00e3o, expans\u00e3o e moderniza\u00e7\u00e3o.<\/p>\n<p>&#8220;A Emenda 95 contribuiu muito para que esse crime contra a nossa cultura acontecesse. A institui\u00e7\u00e3o apresentava sinais vis\u00edveis de m\u00e1 conserva\u00e7\u00e3o, como paredes descascadas e fios el\u00e9tricos expostos e descascados. N\u00e3o podemos nos calar. Precisamos agir e revogar essa emenda urgentemente. O Brasil precisa voltar a crescer&#8221;, alerta.<\/p>\n<p>O l\u00edder do PT, senador Lindbergh Farias (RJ), classificou o inc\u00eandio como \u201cuma trag\u00e9dia anunciada\u201d. Ele afirmou ainda que parlamentares favor\u00e1veis \u00e0 Emenda 95 s\u00e3o respons\u00e1veis pelo sucateamento dos museus.<\/p>\n<p>&#8220;A destrui\u00e7\u00e3o \u00e9 clara, \u00e9 total. No pr\u00f3ximo ano, a gente vai ter mais cortes. \u00c9 escandaloso! Eu vejo aqui senadores falando como se n\u00e3o tivessem nada a ver com isso. Volto a dizer: os senhores s\u00e3o c\u00famplices dessa destrui\u00e7\u00e3o social que o pa\u00eds est\u00e1 vivendo&#8221;, afirmou.<\/p>\n<p>O senador Magno Malta (PR-ES) rebateu. Ele afirmou que governos anteriores n\u00e3o priorizaram a manuten\u00e7\u00e3o e a conserva\u00e7\u00e3o do Museu Nacional.<\/p>\n<p>&#8220;O que mais me entristece \u00e9 ver a cara de pau desse pessoal de esquerda. Esses esquerdopatas falam dos governos vigentes como se governo eles nunca tivessem sido. Come\u00e7am a tuitar e a fazer discursos dizendo que o museu foi destru\u00eddo por irresponsabilidade desse e daquele. N\u00e3o! O museu foi destru\u00eddo por irresponsabilidade deles, sim&#8221; disse.<\/p>\n<p>A senadora Marta Suplicy (MDB-SP) mencionou outros inc\u00eandios que destru\u00edram o patrim\u00f4nio art\u00edstico, hist\u00f3rico e cient\u00edfico do Brasil: Teatro Cultura Art\u00edstica, Instituto Butantan, Memorial da Am\u00e9rica Latina, Museu de Ci\u00eancias Naturais, Centro Cultural Liceu de Artes e Of\u00edcios, Museu da L\u00edngua Portuguesa, Cinemateca Brasileira e Museu de Arte Moderna.<\/p>\n<p>&#8220;N\u00e3o foram, portanto, poucos os epis\u00f3dios. Preju\u00edzos para a mem\u00f3ria nacional e para hist\u00f3ria tanto do pa\u00eds quanto do mundo. Tudo o que envolveu o inc\u00eandio do Museu Nacional provocou muita indigna\u00e7\u00e3o, raiva e enorme tristeza. Nas chamas que consumiram cerca de 20 milh\u00f5es de itens, tivemos como componentes para a combust\u00e3o o descaso de anos com a nossa hist\u00f3ria e mem\u00f3ria e, mais do que isso, o descuido com os valores e a forma\u00e7\u00e3o educacional de nossas crian\u00e7as e jovens e com a hist\u00f3ria da nossa Na\u00e7\u00e3o&#8221;, afirmou.<\/p>\n<p>&nbsp;<\/p>\n<p>Fonte: Ag\u00eancia Senado<\/p>\n","protected":false},"excerpt":{"rendered":"<p>O Senado pode instalar ainda neste ano uma comiss\u00e3o parlamentar de inqu\u00e9rito (CPI) para investigar a situa\u00e7\u00e3o dos museus brasileiros. O senador Cristovam Buarque (PPS-DF) apresentou um requerimento para a cria\u00e7\u00e3o da CPI na \u00faltima quarta-feira, 5. No domingo, 2, um inc\u00eandio destruiu quase todo o acervo do Museu Nacional, no Rio de Janeiro. A [&hellip;]<\/p>\n","protected":false},"author":96,"featured_media":118971,"comment_status":"closed","ping_status":"closed","sticky":false,"template":"","format":"standard","meta":{"footnotes":""},"categories":[436,254,439],"tags":[],"class_list":["post-118970","post","type-post","status-publish","format-standard","has-post-thumbnail","hentry","category-destaque-da-semana","category-politica","category-ultima-hora"],"_links":{"self":[{"href":"https:\/\/diarioregionaldigital.com.br\/index.php?rest_route=\/wp\/v2\/posts\/118970","targetHints":{"allow":["GET"]}}],"collection":[{"href":"https:\/\/diarioregionaldigital.com.br\/index.php?rest_route=\/wp\/v2\/posts"}],"about":[{"href":"https:\/\/diarioregionaldigital.com.br\/index.php?rest_route=\/wp\/v2\/types\/post"}],"author":[{"embeddable":true,"href":"https:\/\/diarioregionaldigital.com.br\/index.php?rest_route=\/wp\/v2\/users\/96"}],"replies":[{"embeddable":true,"href":"https:\/\/diarioregionaldigital.com.br\/index.php?rest_route=%2Fwp%2Fv2%2Fcomments&post=118970"}],"version-history":[{"count":0,"href":"https:\/\/diarioregionaldigital.com.br\/index.php?rest_route=\/wp\/v2\/posts\/118970\/revisions"}],"wp:featuredmedia":[{"embeddable":true,"href":"https:\/\/diarioregionaldigital.com.br\/index.php?rest_route=\/wp\/v2\/media\/118971"}],"wp:attachment":[{"href":"https:\/\/diarioregionaldigital.com.br\/index.php?rest_route=%2Fwp%2Fv2%2Fmedia&parent=118970"}],"wp:term":[{"taxonomy":"category","embeddable":true,"href":"https:\/\/diarioregionaldigital.com.br\/index.php?rest_route=%2Fwp%2Fv2%2Fcategories&post=118970"},{"taxonomy":"post_tag","embeddable":true,"href":"https:\/\/diarioregionaldigital.com.br\/index.php?rest_route=%2Fwp%2Fv2%2Ftags&post=118970"}],"curies":[{"name":"wp","href":"https:\/\/api.w.org\/{rel}","templated":true}]}}