{"id":118960,"date":"2018-09-10T13:57:11","date_gmt":"2018-09-10T16:57:11","guid":{"rendered":"https:\/\/diarioregionaldigital.com.br\/?p=118960"},"modified":"2018-09-10T13:57:11","modified_gmt":"2018-09-10T16:57:11","slug":"temporada-cultural-da-primavera-de-2018-tera-acoes-voltadas-a-educacao-em-museus","status":"publish","type":"post","link":"https:\/\/diarioregionaldigital.com.br\/?p=118960","title":{"rendered":"Temporada cultural da primavera de 2018 ter\u00e1 a\u00e7\u00f5es voltadas \u00e0 educa\u00e7\u00e3o em Museus"},"content":{"rendered":"<p>Em sua 12\u00aa edi\u00e7\u00e3o, a \u201cPrimavera de Museus\u201d tem como embasamento o Caderno da Pol\u00edtica Nacional de Educa\u00e7\u00e3o Museal (PNEM), lan\u00e7ado em junho. A publica\u00e7\u00e3o aborda os princ\u00edpios e diretrizes dessa pol\u00edtica, que visa a nortear gestores, educadores e demais interessados na pr\u00e1tica da educa\u00e7\u00e3o museal. O tema deste ano \u00e9 \u201cCelebrando a Educa\u00e7\u00e3o em Museus\u201d.<\/p>\n<p>O evento \u00e9 promovido pelo Instituto Brasileiro de Museus (Ibram). A programa\u00e7\u00e3o local inclui a programa\u00e7\u00e3o elaborada pelo Museu \u201cMariano Proc\u00f3pio\u201d e atividades em conjunto com o Museu de Arte Murilo Mendes (MAMM) e com o Museu Ferrovi\u00e1rio de Juiz de Fora. O objetivo \u00e9 promover, divulgar e valorizar as institui\u00e7\u00f5es da cidade, refor\u00e7ando seu relacionamento com a sociedade. Al\u00e9m da divulga\u00e7\u00e3o realizada pelos pr\u00f3prios participantes, as iniciativas entrar\u00e3o no calend\u00e1rio nacional do evento, que estar\u00e1 dispon\u00edvel no site do Ibram.<\/p>\n<p>Algumas atividades, voltadas a docentes, foram previamente divulgadas nas institui\u00e7\u00f5es de ensino. As demais a\u00e7\u00f5es dispon\u00edveis ao p\u00fablico foram pensadas de acordo com o tema. Interessados em participar da programa\u00e7\u00e3o devem ficar atentos, pois, para alguns eventos e oficinas, \u00e9 preciso fazer inscri\u00e7\u00e3o. O telefone para se inscrever e tirar d\u00favidas sobre a programa\u00e7\u00e3o \u00e9 o 3690-2027.<\/p>\n<p><b>Confira a programa\u00e7\u00e3o:<\/p>\n<p>17\/9<\/b><\/p>\n<p>-Visita t\u00e9cnica (9h \u00e0s 17h)<br \/>\nVisita com colaboradores internos do Museu.<\/p>\n<p><b>18 a 21\/09<\/b><\/p>\n<p>-\u201c O que \u00e9 o Museu\u201d ( 8h \u00e0s 18h)<br \/>\nCampanha educativa, com alunos da rede municipal de ensino. O material ser\u00e1 exposto em um grande varal no parque da institui\u00e7\u00e3o (Entrega at\u00e9 14\/9)<\/p>\n<p>-Visita mediada (9h \u00e0s 17h)<br \/>\nDestaque para os jardins, hist\u00f3ria da fam\u00edlia Ferreira Lage, pr\u00e9dios hist\u00f3ricos e a exposi\u00e7\u00e3o \u201cEsplendor das formas\u201d.<\/p>\n<p>-Exibi\u00e7\u00e3o de filme (10h \u00e0s 17h)<br \/>\nFilme \u201cVozes da Mem\u00f3ria\u201d ser\u00e1 exibido em um monitor na galeria \u201cMaria Am\u00e1lia\u201d.<\/p>\n<p>-Exposi\u00e7\u00e3o \u201c A arte do tempo\u201d ( 10h \u00e0s 17h)<br \/>\nRel\u00f3gios do acervo do Museu. A utiliza\u00e7\u00e3o dos objetos como itens de decora\u00e7\u00e3o<\/p>\n<p>-Exposi\u00e7\u00e3o Interativa \u2013 QR Codes (10h \u00e0s 17h)<br \/>\nOs QR Codes como complemento da experi\u00eancia do visitante na Galeria.<\/p>\n<p><b>19\/9<\/b><\/p>\n<p>-Visita interativa em fam\u00edlia (9h \u00e0s 17)<br \/>\nPara crian\u00e7as acompanhadas de pais ou respons\u00e1veis, a fim de promover a integra\u00e7\u00e3o e intera\u00e7\u00e3o com o museu.<br \/>\nLocal: parque e pr\u00e9dios hist\u00f3ricos<br \/>\nCrian\u00e7as de 7 a 11 anos. Vagas limitadas (Apenas um acompanhante por crian\u00e7a)<br \/>\nInscri\u00e7\u00f5es : 3690-2007<\/p>\n<p><b>20\/9<\/b><\/p>\n<p>-Visita Mediada para alunos de Libras (9h)<br \/>\nA L\u00edngua Brasileira de Sinais como media\u00e7\u00e3o de visita em espa\u00e7o museol\u00f3gico.<\/p>\n<p>-Exibi\u00e7\u00e3o de filme ( 9h \u00e0s 17h)<br \/>\nNovas pormas de se pensar a educa\u00e7\u00e3o brasileira, seguido de mesa-redonda sobre o tema.<br \/>\nEvento para educadores e estudantes do ensino superior. Vagas limitadas. Inscri\u00e7\u00f5es pelo telefone 3690-2027<\/p>\n<p><b>21\/9<\/b><\/p>\n<p>A\u00e7\u00e3o educativa \u2013 Aul\u00e3o no Museu (15h \u00e0s 17h)<br \/>\nAtividade aberta a institui\u00e7\u00f5es de ensino que queiram promover aulas externas no parque e entorno dos pr\u00e9dios hist\u00f3ricos.<\/p>\n<p>Apresenta\u00e7\u00e3o \u2013 Coro Acad\u00eamico (16h \u00e0s 17h)<br \/>\nAtividade de est\u00edmulo \u00e0 m\u00fasica, destacando a import\u00e2ncia do contexto hist\u00f3rico e cultural.<br \/>\nLocal: Galeria Maria Am\u00e1lia, no interior do pr\u00e9dio Museu \u201c Mariano Proc\u00f3pio\u201d.<br \/>\nVagas limitadas.<br \/>\nInscri\u00e7\u00f5es: 3690-2027<\/p>\n<p><b>22\/09<\/b><\/p>\n<p>Encontros no jardim ( 9h \u00e0s 12h)<br \/>\nSensibiliza\u00e7\u00e3o do p\u00fablico infantil sobre o meio ambiente e cidadania. Atividade com oficinas, brincadeiras e m\u00fasica.<br \/>\nLocal: Parque do Museu<br \/>\nEvento para crian\u00e7as de 5 a 8 anos.<br \/>\nVagas limitadas.<br \/>\n3690-2027<\/p>\n<p>Atividade Conjunta ( 14h \u00e0s 18h)<br \/>\nMuseu de Arte Moderna Murilo Mendes, Museu Ferrovi\u00e1rio de Juiz de Fora e Funda\u00e7\u00e3o Museu Mariano Proc\u00f3pio: roteiro de atividades que visam \u00e0 forma\u00e7\u00e3o e amplia\u00e7\u00e3o da percep\u00e7\u00e3o dos museus da cidade pelo Curso de Turismo da Universidade Federal de Juiz de Fora.<\/p>\n<p>Brincafeira do livro ( 14h \u00e0s 18h)<br \/>\nVenda de livros infantis, cantinho de leitura, conta\u00e7\u00e3o de hist\u00f3rias e oficinas educativas.<br \/>\nP\u00fablico livre.<br \/>\nLocal: parque do Museu.<\/p>\n<p><b>23\/9<\/b><\/p>\n<p>Oficina- Palhagogia ( 8h30 a 12h30)<br \/>\nTrabalha o universo do palha\u00e7o, o improviso, o corpo c\u00f4mico e a rela\u00e7\u00e3o com as crian\u00e7as, utilizando a l\u00f3gica do palha\u00e7o como fio condutor.<br \/>\nAtividade voltadas para educadores e estudantes*<br \/>\nVagas esgotadas.<\/p>\n<p>&nbsp;<\/p>\n<p>Fonte: Assessoria PJF<\/p>\n","protected":false},"excerpt":{"rendered":"<p>Em sua 12\u00aa edi\u00e7\u00e3o, a \u201cPrimavera de Museus\u201d tem como embasamento o Caderno da Pol\u00edtica Nacional de Educa\u00e7\u00e3o Museal (PNEM), lan\u00e7ado em junho. A publica\u00e7\u00e3o aborda os princ\u00edpios e diretrizes dessa pol\u00edtica, que visa a nortear gestores, educadores e demais interessados na pr\u00e1tica da educa\u00e7\u00e3o museal. O tema deste ano \u00e9 \u201cCelebrando a Educa\u00e7\u00e3o em [&hellip;]<\/p>\n","protected":false},"author":96,"featured_media":118961,"comment_status":"closed","ping_status":"closed","sticky":false,"template":"","format":"standard","meta":{"footnotes":""},"categories":[253,439],"tags":[],"class_list":["post-118960","post","type-post","status-publish","format-standard","has-post-thumbnail","hentry","category-cidade","category-ultima-hora"],"_links":{"self":[{"href":"https:\/\/diarioregionaldigital.com.br\/index.php?rest_route=\/wp\/v2\/posts\/118960","targetHints":{"allow":["GET"]}}],"collection":[{"href":"https:\/\/diarioregionaldigital.com.br\/index.php?rest_route=\/wp\/v2\/posts"}],"about":[{"href":"https:\/\/diarioregionaldigital.com.br\/index.php?rest_route=\/wp\/v2\/types\/post"}],"author":[{"embeddable":true,"href":"https:\/\/diarioregionaldigital.com.br\/index.php?rest_route=\/wp\/v2\/users\/96"}],"replies":[{"embeddable":true,"href":"https:\/\/diarioregionaldigital.com.br\/index.php?rest_route=%2Fwp%2Fv2%2Fcomments&post=118960"}],"version-history":[{"count":0,"href":"https:\/\/diarioregionaldigital.com.br\/index.php?rest_route=\/wp\/v2\/posts\/118960\/revisions"}],"wp:featuredmedia":[{"embeddable":true,"href":"https:\/\/diarioregionaldigital.com.br\/index.php?rest_route=\/wp\/v2\/media\/118961"}],"wp:attachment":[{"href":"https:\/\/diarioregionaldigital.com.br\/index.php?rest_route=%2Fwp%2Fv2%2Fmedia&parent=118960"}],"wp:term":[{"taxonomy":"category","embeddable":true,"href":"https:\/\/diarioregionaldigital.com.br\/index.php?rest_route=%2Fwp%2Fv2%2Fcategories&post=118960"},{"taxonomy":"post_tag","embeddable":true,"href":"https:\/\/diarioregionaldigital.com.br\/index.php?rest_route=%2Fwp%2Fv2%2Ftags&post=118960"}],"curies":[{"name":"wp","href":"https:\/\/api.w.org\/{rel}","templated":true}]}}