{"id":118945,"date":"2018-09-10T13:06:57","date_gmt":"2018-09-10T16:06:57","guid":{"rendered":"https:\/\/diarioregionaldigital.com.br\/?p=118945"},"modified":"2018-09-10T13:06:57","modified_gmt":"2018-09-10T16:06:57","slug":"prefeitura-de-leopoldina-tera-que-divulgar-fotos-de-animais-do-canil-municipal","status":"publish","type":"post","link":"https:\/\/diarioregionaldigital.com.br\/?p=118945","title":{"rendered":"Prefeitura de Leopoldina ter\u00e1 que divulgar fotos de animais do canil municipal"},"content":{"rendered":"<p>O vereador de Leopoldina, Jos\u00e9 Augusto Cabral, acaba de ver mais uma lei de sua autoria aprovada. Desta vez a iniciativa que recentemente entrou em vigor, obriga o Poder Executivo a divulgar fotografias de todos os animais (c\u00e3es e gatos) que estejam no canil municipal sob sua responsabilidade a fim de ajudar na possibilidade de serem adotados.<\/p>\n<p>Jos\u00e9 Augusto, que \u00e9 advogado e jornalista, vem chamando a aten\u00e7\u00e3o dos eleitores por causa de suas diversas a\u00e7\u00f5es voltadas para o interesse coletivo, como a cria\u00e7\u00e3o da Lei que obriga o Poder Executivo a divulgar amplamente as vagas de emprego dispon\u00edveis no Sine local e, mais recentemente, pela instaura\u00e7\u00e3o de uma CPI (Comiss\u00e3o Parlamentar de Inqu\u00e9rito) que apurou irregularidades no uso de carros oficiais do munic\u00edpio.<\/p>\n<p>Agora ele se volta para o bem-estar dos animais de estima\u00e7\u00e3o abandonados ou \u00e0 espera de um lar e que vivem momentaneamente no canil municipal. Jos\u00e9 Augusto destaca o ineg\u00e1vel benef\u00edcio ao animal que a simples divulga\u00e7\u00e3o de sua foto poder\u00e1 lhe trazer, como um novo lar e a consequente e respons\u00e1vel ado\u00e7\u00e3o. Al\u00e9m disso, ele destaca que a medida vai trazer economia para os cofres p\u00fablicos &#8220;porque o canil municipal ter\u00e1 menos animais por um menor per\u00edodo de tempo para sustentar e cuidar&#8221;, destacou.<\/p>\n<p>Junto \u00e0s fotografias, o vereador explica que ser\u00e1 inserido um pequeno texto informativo sobre o animal, como idade, nome (se houver) e ra\u00e7a. Todas estas informa\u00e7\u00f5es dever\u00e3o ser divulgadas no site oficial do munic\u00edpio. At\u00e9 o fechamento desta mat\u00e9ria o site da prefeitura n\u00e3o exibia fotos dos animais abrigado no canil. A lei foi sancionada pelo prefeito Jos\u00e9 Roberto de Oliveira no dia 16 de agosto de 2018, data que tamb\u00e9m entrou em vigor.<\/p>\n<p>&nbsp;<\/p>\n<p>Fonte: Marcelo Lopes<\/p>\n","protected":false},"excerpt":{"rendered":"<p>O vereador de Leopoldina, Jos\u00e9 Augusto Cabral, acaba de ver mais uma lei de sua autoria aprovada. Desta vez a iniciativa que recentemente entrou em vigor, obriga o Poder Executivo a divulgar fotografias de todos os animais (c\u00e3es e gatos) que estejam no canil municipal sob sua responsabilidade a fim de ajudar na possibilidade de [&hellip;]<\/p>\n","protected":false},"author":96,"featured_media":118947,"comment_status":"closed","ping_status":"closed","sticky":false,"template":"","format":"standard","meta":{"footnotes":""},"categories":[252,439],"tags":[],"class_list":["post-118945","post","type-post","status-publish","format-standard","has-post-thumbnail","hentry","category-regiao","category-ultima-hora"],"_links":{"self":[{"href":"https:\/\/diarioregionaldigital.com.br\/index.php?rest_route=\/wp\/v2\/posts\/118945","targetHints":{"allow":["GET"]}}],"collection":[{"href":"https:\/\/diarioregionaldigital.com.br\/index.php?rest_route=\/wp\/v2\/posts"}],"about":[{"href":"https:\/\/diarioregionaldigital.com.br\/index.php?rest_route=\/wp\/v2\/types\/post"}],"author":[{"embeddable":true,"href":"https:\/\/diarioregionaldigital.com.br\/index.php?rest_route=\/wp\/v2\/users\/96"}],"replies":[{"embeddable":true,"href":"https:\/\/diarioregionaldigital.com.br\/index.php?rest_route=%2Fwp%2Fv2%2Fcomments&post=118945"}],"version-history":[{"count":0,"href":"https:\/\/diarioregionaldigital.com.br\/index.php?rest_route=\/wp\/v2\/posts\/118945\/revisions"}],"wp:featuredmedia":[{"embeddable":true,"href":"https:\/\/diarioregionaldigital.com.br\/index.php?rest_route=\/wp\/v2\/media\/118947"}],"wp:attachment":[{"href":"https:\/\/diarioregionaldigital.com.br\/index.php?rest_route=%2Fwp%2Fv2%2Fmedia&parent=118945"}],"wp:term":[{"taxonomy":"category","embeddable":true,"href":"https:\/\/diarioregionaldigital.com.br\/index.php?rest_route=%2Fwp%2Fv2%2Fcategories&post=118945"},{"taxonomy":"post_tag","embeddable":true,"href":"https:\/\/diarioregionaldigital.com.br\/index.php?rest_route=%2Fwp%2Fv2%2Ftags&post=118945"}],"curies":[{"name":"wp","href":"https:\/\/api.w.org\/{rel}","templated":true}]}}