{"id":118926,"date":"2018-09-10T08:55:22","date_gmt":"2018-09-10T11:55:22","guid":{"rendered":"https:\/\/diarioregionaldigital.com.br\/?p=118926"},"modified":"2018-09-10T11:44:05","modified_gmt":"2018-09-10T14:44:05","slug":"obras-de-contencao-no-museu-nacional-devem-comecar-hoje","status":"publish","type":"post","link":"https:\/\/diarioregionaldigital.com.br\/?p=118926","title":{"rendered":"Obras de conten\u00e7\u00e3o no Museu Nacional devem come\u00e7ar hoje"},"content":{"rendered":"<p>Uma semana depois do inc\u00eandio que atingiu o Museu Nacional do Rio de Janeiro, na Quinta da Boa Vista, o pr\u00e9dio dever\u00e1 ser cercado de tapumes para dar in\u00edcio \u00e0s obras de conten\u00e7\u00e3o e procedimentos para manter a estrutura segura.<\/p>\n<p>Nesta ter\u00e7a, 11, s\u00e3o esperados os t\u00e9cnicos da Organiza\u00e7\u00e3o das Na\u00e7\u00f5es Unidas para a Educa\u00e7\u00e3o, a Ci\u00eancia e a Cultura (Unesco) que v\u00e3o auxiliar nos trabalhos.\u00a0As informa\u00e7\u00f5es foram confirmadas pela vice-diretora do museu, Cristiana Serejo.<\/p>\n<p>O reitor da Universidade Federal do Rio de Janeiro (UFRJ), Roberto Leher, disse que a Unesco ofereceu especialistas que j\u00e1 trabalharam em tsunamis e outros desastres para ajudar na remo\u00e7\u00e3o dos escombros.\u00a0Na semana passada, autoridades federais confirmaram a colabora\u00e7\u00e3o do organismo internacional.<\/p>\n<p>Com a coloca\u00e7\u00e3o dos tapumes, come\u00e7am as obras de conten\u00e7\u00e3o e outros procedimentos para manter a estrutura do pal\u00e1cio segura e permitir mais buscas nos escombros na tentativa de localizar pe\u00e7as do acervo que tenham escapado do fogo.<\/p>\n<p>Uma equipe de especialistas, sob o comando de arque\u00f3logos do museu, realizar\u00e1 esse trabalho, com apoio de engenheiros contratados para garantir a seguran\u00e7a nos escombros.\u00a0De acordo com Cristiana Serejo, o grupo de especialistas \u00e9 formado tamb\u00e9m por muse\u00f3logos do Instituto Brasileiro de Museus (Ibram) e do Instituto do Patrim\u00f4nio Hist\u00f3rico e Art\u00edstico Nacional (Iphan) e j\u00e1 est\u00e1 trabalhando no interior do pr\u00e9dio.<\/p>\n<h2>Etapas<\/h2>\n<p>A vice-diretora afirmou que os trabalhos ocorrem em duas frentes: uma estrutural e uma de resgate do acervo.\u00a0A expectativa \u00e9 de que, no decorrer dessa semana, sejam liberados R$ 10 milh\u00f5es do Minist\u00e9rio da Educa\u00e7\u00e3o para a\u00e7\u00f5es emergenciais na seguran\u00e7a do pr\u00e9dio.\u00a0A UFRJ prepara um termo de refer\u00eancia com a rela\u00e7\u00e3o dos servi\u00e7os mais necess\u00e1rios nessa etapa emergencial.<\/p>\n<p>Segundo Cristiana Serejo, o museu vai aceitar tamb\u00e9m doa\u00e7\u00f5es de outras institui\u00e7\u00f5es. Contatos com essa finalidade j\u00e1 est\u00e3o sendo feitos.\u00a0\u201cO Museu Nacional est\u00e1 tentando se organizar\u201d, disse.<\/p>\n<p><em>Fonte: Ag\u00eancia Brasil<\/em><\/p>\n<p>&nbsp;<\/p>\n","protected":false},"excerpt":{"rendered":"<p>Uma semana depois do inc\u00eandio que atingiu o Museu Nacional do Rio de Janeiro, na Quinta da Boa Vista, o pr\u00e9dio dever\u00e1 ser cercado de tapumes para dar in\u00edcio \u00e0s obras de conten\u00e7\u00e3o e procedimentos para manter a estrutura segura. Nesta ter\u00e7a, 11, s\u00e3o esperados os t\u00e9cnicos da Organiza\u00e7\u00e3o das Na\u00e7\u00f5es Unidas para a Educa\u00e7\u00e3o, [&hellip;]<\/p>\n","protected":false},"author":96,"featured_media":0,"comment_status":"closed","ping_status":"closed","sticky":false,"template":"","format":"standard","meta":{"footnotes":""},"categories":[302,436],"tags":[],"class_list":["post-118926","post","type-post","status-publish","format-standard","hentry","category-brasil-mundo","category-destaque-da-semana"],"_links":{"self":[{"href":"https:\/\/diarioregionaldigital.com.br\/index.php?rest_route=\/wp\/v2\/posts\/118926","targetHints":{"allow":["GET"]}}],"collection":[{"href":"https:\/\/diarioregionaldigital.com.br\/index.php?rest_route=\/wp\/v2\/posts"}],"about":[{"href":"https:\/\/diarioregionaldigital.com.br\/index.php?rest_route=\/wp\/v2\/types\/post"}],"author":[{"embeddable":true,"href":"https:\/\/diarioregionaldigital.com.br\/index.php?rest_route=\/wp\/v2\/users\/96"}],"replies":[{"embeddable":true,"href":"https:\/\/diarioregionaldigital.com.br\/index.php?rest_route=%2Fwp%2Fv2%2Fcomments&post=118926"}],"version-history":[{"count":0,"href":"https:\/\/diarioregionaldigital.com.br\/index.php?rest_route=\/wp\/v2\/posts\/118926\/revisions"}],"wp:attachment":[{"href":"https:\/\/diarioregionaldigital.com.br\/index.php?rest_route=%2Fwp%2Fv2%2Fmedia&parent=118926"}],"wp:term":[{"taxonomy":"category","embeddable":true,"href":"https:\/\/diarioregionaldigital.com.br\/index.php?rest_route=%2Fwp%2Fv2%2Fcategories&post=118926"},{"taxonomy":"post_tag","embeddable":true,"href":"https:\/\/diarioregionaldigital.com.br\/index.php?rest_route=%2Fwp%2Fv2%2Ftags&post=118926"}],"curies":[{"name":"wp","href":"https:\/\/api.w.org\/{rel}","templated":true}]}}