{"id":118919,"date":"2018-09-10T08:44:19","date_gmt":"2018-09-10T11:44:19","guid":{"rendered":"https:\/\/diarioregionaldigital.com.br\/?p=118919"},"modified":"2018-09-10T11:20:35","modified_gmt":"2018-09-10T14:20:35","slug":"adolescente-de-13-anos-e-apreendido-com-drogas-no-bairro-jardim-cachoeira","status":"publish","type":"post","link":"https:\/\/diarioregionaldigital.com.br\/?p=118919","title":{"rendered":"Adolescente de 13 anos \u00e9 apreendido com drogas no bairro Jardim Cachoeira"},"content":{"rendered":"<p>A Pol\u00edcia Militar (PM) realizou nesse domingo, 9, uma opera\u00e7\u00e3o de combate ao tr\u00e1fico de drogas no bairro Jardim Cachoeira, na\u00a0 zona Norte de Juiz de Fora. Durante os trabalhos dos agentes, um jovem de 22 anos foi preso e um menor, de 13 anos, apreendido.<\/p>\n<p>Ao perceber a presen\u00e7a dos policiais, o homem tentou fugir, entrando em um estabelecimento comercial na rua Jos\u00e9 Leite de Oliveira para se desfazer do material il\u00edcito, mas a PM conseguiu chegar a tempo. Durante a revista, foram encontrados com ele um rev\u00f3lver calibre 32 e seis muni\u00e7\u00f5es. J\u00e1 o adolescente estava com uma bucha de maconha.<\/p>\n<p>Ambos foram encaminhados \u00e0 delegacia, sendo que o menor precisou ser acompanhado pela respons\u00e1vel legal, a m\u00e3e, de 41 anos.<\/p>\n","protected":false},"excerpt":{"rendered":"<p>A Pol\u00edcia Militar (PM) realizou nesse domingo, 9, uma opera\u00e7\u00e3o de combate ao tr\u00e1fico de drogas no bairro Jardim Cachoeira, na\u00a0 zona Norte de Juiz de Fora. Durante os trabalhos dos agentes, um jovem de 22 anos foi preso e um menor, de 13 anos, apreendido. Ao perceber a presen\u00e7a dos policiais, o homem tentou [&hellip;]<\/p>\n","protected":false},"author":96,"featured_media":97342,"comment_status":"closed","ping_status":"closed","sticky":false,"template":"","format":"standard","meta":{"footnotes":""},"categories":[301],"tags":[],"class_list":["post-118919","post","type-post","status-publish","format-standard","has-post-thumbnail","hentry","category-artigos-policiais"],"_links":{"self":[{"href":"https:\/\/diarioregionaldigital.com.br\/index.php?rest_route=\/wp\/v2\/posts\/118919","targetHints":{"allow":["GET"]}}],"collection":[{"href":"https:\/\/diarioregionaldigital.com.br\/index.php?rest_route=\/wp\/v2\/posts"}],"about":[{"href":"https:\/\/diarioregionaldigital.com.br\/index.php?rest_route=\/wp\/v2\/types\/post"}],"author":[{"embeddable":true,"href":"https:\/\/diarioregionaldigital.com.br\/index.php?rest_route=\/wp\/v2\/users\/96"}],"replies":[{"embeddable":true,"href":"https:\/\/diarioregionaldigital.com.br\/index.php?rest_route=%2Fwp%2Fv2%2Fcomments&post=118919"}],"version-history":[{"count":0,"href":"https:\/\/diarioregionaldigital.com.br\/index.php?rest_route=\/wp\/v2\/posts\/118919\/revisions"}],"wp:featuredmedia":[{"embeddable":true,"href":"https:\/\/diarioregionaldigital.com.br\/index.php?rest_route=\/wp\/v2\/media\/97342"}],"wp:attachment":[{"href":"https:\/\/diarioregionaldigital.com.br\/index.php?rest_route=%2Fwp%2Fv2%2Fmedia&parent=118919"}],"wp:term":[{"taxonomy":"category","embeddable":true,"href":"https:\/\/diarioregionaldigital.com.br\/index.php?rest_route=%2Fwp%2Fv2%2Fcategories&post=118919"},{"taxonomy":"post_tag","embeddable":true,"href":"https:\/\/diarioregionaldigital.com.br\/index.php?rest_route=%2Fwp%2Fv2%2Ftags&post=118919"}],"curies":[{"name":"wp","href":"https:\/\/api.w.org\/{rel}","templated":true}]}}