{"id":118916,"date":"2018-09-10T08:29:42","date_gmt":"2018-09-10T11:29:42","guid":{"rendered":"https:\/\/diarioregionaldigital.com.br\/?p=118916"},"modified":"2018-09-10T08:30:40","modified_gmt":"2018-09-10T11:30:40","slug":"rosa-weber-nega-prorrogacao-de-prazo-para-pt-substituir-lula-na-chapa","status":"publish","type":"post","link":"https:\/\/diarioregionaldigital.com.br\/?p=118916","title":{"rendered":"Rosa Weber nega prorroga\u00e7\u00e3o de prazo para PT substituir Lula na chapa"},"content":{"rendered":"<p>A presidente do Tribunal Superior Eleitoral (TSE), Rosa Weber, negou a prorroga\u00e7\u00e3o do prazo para o PT substituir o nome do ex-presidente Luiz In\u00e1cio Lula da Silva na cabe\u00e7a de chapa presidencial.\u00a0Com a decis\u00e3o, o PT tem at\u00e9 amanh\u00e3, 11, para fazer a troca de nomes. Se n\u00e3o definir, o partido pode ficar sem coliga\u00e7\u00e3o na disputa \u00e0 Presid\u00eancia da Rep\u00fablica.\u00a0Nas articula\u00e7\u00f5es pol\u00edticas, o nome que ganha for\u00e7a para substituir Lula \u00e9 o do candidato a vice-presidente Fernando Haddad, ex-prefeito de S\u00e3o Paulo e ex-ministro da Educa\u00e7\u00e3o.<\/p>\n<p>Para Rosa Weber, n\u00e3o h\u00e1 motivos para prorrogar o prazo para o PT substituir o nome do ex-presidente na chapa. \u201cN\u00e3o se justifica, contudo, o deferimento do pedido de susta\u00e7\u00e3o da efic\u00e1cia do ac\u00f3rd\u00e3o recorrido, ainda que na pretensa extens\u00e3o m\u00ednima\u201d, diz a decis\u00e3o.<\/p>\n<p>A defesa de Lula pediu a amplia\u00e7\u00e3o de prazo para o dia 17, a pr\u00f3xima segunda-feira. Os advogados justificam que \u00e9 necess\u00e1rio considerar o apelo popular de Lula e as inten\u00e7\u00f5es de votos atribu\u00eddas a ele nas pesquisas de opini\u00e3o. A defesa j\u00e1 recorreu da decis\u00e3o da presidente do TSE.<\/p>\n<p><em>Fonte: Ag\u00eancia Brasil<\/em><\/p>\n","protected":false},"excerpt":{"rendered":"<p>A presidente do Tribunal Superior Eleitoral (TSE), Rosa Weber, negou a prorroga\u00e7\u00e3o do prazo para o PT substituir o nome do ex-presidente Luiz In\u00e1cio Lula da Silva na cabe\u00e7a de chapa presidencial.\u00a0Com a decis\u00e3o, o PT tem at\u00e9 amanh\u00e3, 11, para fazer a troca de nomes. Se n\u00e3o definir, o partido pode ficar sem coliga\u00e7\u00e3o [&hellip;]<\/p>\n","protected":false},"author":96,"featured_media":110731,"comment_status":"closed","ping_status":"closed","sticky":false,"template":"","format":"standard","meta":{"footnotes":""},"categories":[436,440,254,439],"tags":[],"class_list":["post-118916","post","type-post","status-publish","format-standard","has-post-thumbnail","hentry","category-destaque-da-semana","category-destaques-do-dia","category-politica","category-ultima-hora"],"_links":{"self":[{"href":"https:\/\/diarioregionaldigital.com.br\/index.php?rest_route=\/wp\/v2\/posts\/118916","targetHints":{"allow":["GET"]}}],"collection":[{"href":"https:\/\/diarioregionaldigital.com.br\/index.php?rest_route=\/wp\/v2\/posts"}],"about":[{"href":"https:\/\/diarioregionaldigital.com.br\/index.php?rest_route=\/wp\/v2\/types\/post"}],"author":[{"embeddable":true,"href":"https:\/\/diarioregionaldigital.com.br\/index.php?rest_route=\/wp\/v2\/users\/96"}],"replies":[{"embeddable":true,"href":"https:\/\/diarioregionaldigital.com.br\/index.php?rest_route=%2Fwp%2Fv2%2Fcomments&post=118916"}],"version-history":[{"count":0,"href":"https:\/\/diarioregionaldigital.com.br\/index.php?rest_route=\/wp\/v2\/posts\/118916\/revisions"}],"wp:featuredmedia":[{"embeddable":true,"href":"https:\/\/diarioregionaldigital.com.br\/index.php?rest_route=\/wp\/v2\/media\/110731"}],"wp:attachment":[{"href":"https:\/\/diarioregionaldigital.com.br\/index.php?rest_route=%2Fwp%2Fv2%2Fmedia&parent=118916"}],"wp:term":[{"taxonomy":"category","embeddable":true,"href":"https:\/\/diarioregionaldigital.com.br\/index.php?rest_route=%2Fwp%2Fv2%2Fcategories&post=118916"},{"taxonomy":"post_tag","embeddable":true,"href":"https:\/\/diarioregionaldigital.com.br\/index.php?rest_route=%2Fwp%2Fv2%2Ftags&post=118916"}],"curies":[{"name":"wp","href":"https:\/\/api.w.org\/{rel}","templated":true}]}}