{"id":118897,"date":"2018-09-10T02:11:19","date_gmt":"2018-09-10T05:11:19","guid":{"rendered":"https:\/\/diarioregionaldigital.com.br\/?p=118897"},"modified":"2018-09-10T08:20:30","modified_gmt":"2018-09-10T11:20:30","slug":"jf-volei-sofre-duas-derrotas-no-campeonato-mineiro","status":"publish","type":"post","link":"https:\/\/diarioregionaldigital.com.br\/?p=118897","title":{"rendered":"JF V\u00f4lei sofre duas derrotas no Campeonato  Mineiro"},"content":{"rendered":"<p>Na estreia do Campeonato Mineiro 2018, o JF V\u00f4lei enfrentou o SADA Cruzeiro, no Gin\u00e1sio da Universidade Federal de Juiz de Fora (UFJF), e foi derrotado por 3 sets a 0 (21&#215;25;16&#215;25;17&#215;25). O levantador Fernando Cachopa, da equipe de Belo Horizonte, foi eleito o melhor em quadra pelo voto popular.<\/p>\n<p>Para o t\u00e9cnico do JF V\u00f4lei, Marcos Henrique, houve uma melhora no time em rela\u00e7\u00e3o aos dois \u00faltimos jogos no Campeonato Carioca: \u201cEvolu\u00edmos bastante. Bloqueamos e sacamos mais. O time teve um bom come\u00e7o de set, viemos de duas partidas come\u00e7ando mal e enfrentamos uma equipe de muita qualidade\u201d.<\/p>\n<p>Quem tamb\u00e9m avaliou positivamente o desempenho da equipe foi o ponteiro Thiago Guilherme: \u201cO jogo foi bom, a equipe deles t\u00eam mais experi\u00eancia que a nossa, somos mais jovens. Mas entramos firmes na partida e com determina\u00e7\u00e3o, como o professor pediu, e fomos para cima, mas infelizmente n\u00e3o deu\u201d.<\/p>\n<h3><strong>Derrota contra\u00a0 o Minas <\/strong><\/h3>\n<p>O Minas estreou bem no Campeonato Mineiro 2018. O time minastenista abriu a temporada com a vit\u00f3ria sobre o JF V\u00f4lei, por 3 sets a 1 (23\/25, 25\/19, 25\/17 e 25\/18), em jogo realizado no gin\u00e1sio da Universidade Federal de Juiz de Fora (UFJF).<\/p>\n<p>Com pouco tempo para treinar o time inteiro junto, j\u00e1 que parte do elenco estava com a sele\u00e7\u00e3o brasileira, o Minas cometeu muitos erros no primeiro set. Mas, no decorrer da partida, a equipe se recuperou e imp\u00f4s o seu ritmo de jogo, vencendo com mais tranquilidade os tr\u00eas sets seguintes. O pr\u00f3ximo jogo pela competi\u00e7\u00e3o estadual ser\u00e1 novamente contra o JF V\u00f4lei, na ter\u00e7a-feira, 11,\u00a0 \u00e0s 20h, no gin\u00e1sio Pelez\u00e3o, em Tr\u00eas Cora\u00e7\u00f5es (MG).<\/p>\n<p>O jovem ponteiro Honorato, que entrou no primeiro set e n\u00e3o saiu mais do time, foi eleito o melhor em quadra. O jogador recebeu o pr\u00eamio ap\u00f3s vota\u00e7\u00e3o dos torcedores pelo site da Federa\u00e7\u00e3o Mineira de V\u00f4lei (FMT). \u201cHoje o nosso time n\u00e3o jogou muito bem. Metade do nosso time estava fora, jogando com a sele\u00e7\u00e3o, e tivemos pouco tempo para treinar juntos. Cometemos alguns erros bobos, mas o importante foi conquistar a vit\u00f3ria. A gente tenta buscar, agora, o nosso padr\u00e3o de jogo, para mostrar a cara do nosso time\u201d, afirmou.<\/p>\n","protected":false},"excerpt":{"rendered":"<p>Na estreia do Campeonato Mineiro 2018, o JF V\u00f4lei enfrentou o SADA Cruzeiro, no Gin\u00e1sio da Universidade Federal de Juiz de Fora (UFJF), e foi derrotado por 3 sets a 0 (21&#215;25;16&#215;25;17&#215;25). O levantador Fernando Cachopa, da equipe de Belo Horizonte, foi eleito o melhor em quadra pelo voto popular. Para o t\u00e9cnico do JF [&hellip;]<\/p>\n","protected":false},"author":96,"featured_media":118898,"comment_status":"closed","ping_status":"closed","sticky":false,"template":"","format":"standard","meta":{"footnotes":""},"categories":[257,439],"tags":[],"class_list":["post-118897","post","type-post","status-publish","format-standard","has-post-thumbnail","hentry","category-esporte","category-ultima-hora"],"_links":{"self":[{"href":"https:\/\/diarioregionaldigital.com.br\/index.php?rest_route=\/wp\/v2\/posts\/118897","targetHints":{"allow":["GET"]}}],"collection":[{"href":"https:\/\/diarioregionaldigital.com.br\/index.php?rest_route=\/wp\/v2\/posts"}],"about":[{"href":"https:\/\/diarioregionaldigital.com.br\/index.php?rest_route=\/wp\/v2\/types\/post"}],"author":[{"embeddable":true,"href":"https:\/\/diarioregionaldigital.com.br\/index.php?rest_route=\/wp\/v2\/users\/96"}],"replies":[{"embeddable":true,"href":"https:\/\/diarioregionaldigital.com.br\/index.php?rest_route=%2Fwp%2Fv2%2Fcomments&post=118897"}],"version-history":[{"count":0,"href":"https:\/\/diarioregionaldigital.com.br\/index.php?rest_route=\/wp\/v2\/posts\/118897\/revisions"}],"wp:featuredmedia":[{"embeddable":true,"href":"https:\/\/diarioregionaldigital.com.br\/index.php?rest_route=\/wp\/v2\/media\/118898"}],"wp:attachment":[{"href":"https:\/\/diarioregionaldigital.com.br\/index.php?rest_route=%2Fwp%2Fv2%2Fmedia&parent=118897"}],"wp:term":[{"taxonomy":"category","embeddable":true,"href":"https:\/\/diarioregionaldigital.com.br\/index.php?rest_route=%2Fwp%2Fv2%2Fcategories&post=118897"},{"taxonomy":"post_tag","embeddable":true,"href":"https:\/\/diarioregionaldigital.com.br\/index.php?rest_route=%2Fwp%2Fv2%2Ftags&post=118897"}],"curies":[{"name":"wp","href":"https:\/\/api.w.org\/{rel}","templated":true}]}}