{"id":118842,"date":"2018-09-07T16:40:26","date_gmt":"2018-09-07T19:40:26","guid":{"rendered":"https:\/\/diarioregionaldigital.com.br\/?p=118842"},"modified":"2018-09-08T09:17:15","modified_gmt":"2018-09-08T12:17:15","slug":"diretor-da-pf-vai-se-reunir-com-equipes-de-presidenciaveis-neste-sabado","status":"publish","type":"post","link":"https:\/\/diarioregionaldigital.com.br\/?p=118842","title":{"rendered":"Diretor da PF vai se reunir com equipes de presidenci\u00e1veis neste s\u00e1bado"},"content":{"rendered":"<p>O diretor-geral da Pol\u00edcia Federal, Rog\u00e9rio Galloro, vir\u00e1 a Bras\u00edlia neste s\u00e1bado, 8, para se reunir com as equipes de campanhas dos presidenci\u00e1veis. O encontro est\u00e1 marcado para as 16h na sede da institui\u00e7\u00e3o.<\/p>\n<p>A expectativa \u00e9 definir um refor\u00e7o na seguran\u00e7a dos candidatos \u00e0 Presid\u00eancia. A iniciativa responde a uma determina\u00e7\u00e3o do presidente Michel Temer que pediu ao ministro da Seguran\u00e7a P\u00fablica, Raul Jungmann, maior atua\u00e7\u00e3o da Pol\u00edcia Federal depois do ataque sofrido pelo candidato do PSL, Jair Bolsonaro.<\/p>\n<p>De acordo com a assessoria da PF,\u00a0desde o in\u00edcio da campanha, todos os presidenci\u00e1veis t\u00eam \u00e0 disposi\u00e7\u00e3o uma equipe de\u00a0agentes integrados ao pessoal de seguran\u00e7a\u00a0da\u00a0campanha. A proposta agora \u00e9 oferecer um contingente maior de policiais para o trabalho.<\/p>\n<p>Temer tamb\u00e9m pediu empenho nas investiga\u00e7\u00f5es sobre o ataque a Bolsonaro. Um envolvido &#8211; Adelio Bispo de Oliveira, de 40 anos &#8211; foi detido logo ap\u00f3s o ataque e encaminhado \u00e0 Delegacia da Pol\u00edcia Federal em Juiz de Fora (MG).<\/p>\n<p><span style=\"font-size: 8pt;\"><em>Fonte: Ag\u00eancia Brasil<\/em><\/span><\/p>\n","protected":false},"excerpt":{"rendered":"<p>O diretor-geral da Pol\u00edcia Federal, Rog\u00e9rio Galloro, vir\u00e1 a Bras\u00edlia neste s\u00e1bado, 8, para se reunir com as equipes de campanhas dos presidenci\u00e1veis. O encontro est\u00e1 marcado para as 16h na sede da institui\u00e7\u00e3o. A expectativa \u00e9 definir um refor\u00e7o na seguran\u00e7a dos candidatos \u00e0 Presid\u00eancia. A iniciativa responde a uma determina\u00e7\u00e3o do presidente Michel [&hellip;]<\/p>\n","protected":false},"author":96,"featured_media":0,"comment_status":"closed","ping_status":"closed","sticky":false,"template":"","format":"standard","meta":{"footnotes":""},"categories":[302,436,440,439],"tags":[],"class_list":["post-118842","post","type-post","status-publish","format-standard","hentry","category-brasil-mundo","category-destaque-da-semana","category-destaques-do-dia","category-ultima-hora"],"_links":{"self":[{"href":"https:\/\/diarioregionaldigital.com.br\/index.php?rest_route=\/wp\/v2\/posts\/118842","targetHints":{"allow":["GET"]}}],"collection":[{"href":"https:\/\/diarioregionaldigital.com.br\/index.php?rest_route=\/wp\/v2\/posts"}],"about":[{"href":"https:\/\/diarioregionaldigital.com.br\/index.php?rest_route=\/wp\/v2\/types\/post"}],"author":[{"embeddable":true,"href":"https:\/\/diarioregionaldigital.com.br\/index.php?rest_route=\/wp\/v2\/users\/96"}],"replies":[{"embeddable":true,"href":"https:\/\/diarioregionaldigital.com.br\/index.php?rest_route=%2Fwp%2Fv2%2Fcomments&post=118842"}],"version-history":[{"count":0,"href":"https:\/\/diarioregionaldigital.com.br\/index.php?rest_route=\/wp\/v2\/posts\/118842\/revisions"}],"wp:attachment":[{"href":"https:\/\/diarioregionaldigital.com.br\/index.php?rest_route=%2Fwp%2Fv2%2Fmedia&parent=118842"}],"wp:term":[{"taxonomy":"category","embeddable":true,"href":"https:\/\/diarioregionaldigital.com.br\/index.php?rest_route=%2Fwp%2Fv2%2Fcategories&post=118842"},{"taxonomy":"post_tag","embeddable":true,"href":"https:\/\/diarioregionaldigital.com.br\/index.php?rest_route=%2Fwp%2Fv2%2Ftags&post=118842"}],"curies":[{"name":"wp","href":"https:\/\/api.w.org\/{rel}","templated":true}]}}