{"id":118838,"date":"2018-09-07T15:00:16","date_gmt":"2018-09-07T18:00:16","guid":{"rendered":"https:\/\/diarioregionaldigital.com.br\/?p=118838"},"modified":"2018-09-08T10:50:33","modified_gmt":"2018-09-08T13:50:33","slug":"defesa-vai-pedir-exame-de-sanidade-mental-de-agressor-de-bolsonaro","status":"publish","type":"post","link":"https:\/\/diarioregionaldigital.com.br\/?p=118838","title":{"rendered":"Defesa vai pedir exame de sanidade mental de agressor de Bolsonaro"},"content":{"rendered":"<p>Os advogados que representam o agressor Ad\u00e9lio Bispo de Oliveira informaram hoje que v\u00e3o solicitar exames de sanidade mental de seu cliente. Quatro advogados acompanharam Ad\u00e9lio a uma audi\u00eancia de instru\u00e7\u00e3o com a ju\u00edza Patr\u00edcia Alencar, na Justi\u00e7a Federal, nessa sexta-feira, 7, que determinou a\u00a0transfer\u00eancia do criminoso\u00a0para um pres\u00eddio federal.<\/p>\n<p>A defesa sustentou ainda que a agress\u00e3o de seu cliente ao candidato Jair Bolsonaro foi um ato solit\u00e1rio, movido pelo que classificaram de \u201cdiscurso de \u00f3dio\u201d do pr\u00f3prio candidato.<\/p>\n<p>\u201cEsse discurso de \u00f3dio do candidato \u00e9 que desencadeou essa atitude extremada do nosso cliente\u201d, disse o advogado Zanone Manoel de Oliveira J\u00fanior. Um dos motivos, segundo a defesa, foi a refer\u00eancia pejorativa aos negros quilombolas, j\u00e1 que seu cliente se identifica como negro.<\/p>\n<p>O advogado informou que a defesa concordou com a transfer\u00eancia de Ad\u00e9lio para um pres\u00eddio federal, para garantir sua integridade. O advogado tamb\u00e9m disse concordar com o indiciamento de seu cliente pelo Artigo 20 da Lei de Seguran\u00e7a Nacional, que fala em \u201cpraticar atentado pessoal ou atos de terrorismo, por inconformismo pol\u00edtico\u201d.<\/p>\n<p>&nbsp;<\/p>\n<p>&nbsp;<\/p>\n","protected":false},"excerpt":{"rendered":"<p>Os advogados que representam o agressor Ad\u00e9lio Bispo de Oliveira informaram hoje que v\u00e3o solicitar exames de sanidade mental de seu cliente. Quatro advogados acompanharam Ad\u00e9lio a uma audi\u00eancia de instru\u00e7\u00e3o com a ju\u00edza Patr\u00edcia Alencar, na Justi\u00e7a Federal, nessa sexta-feira, 7, que determinou a\u00a0transfer\u00eancia do criminoso\u00a0para um pres\u00eddio federal. A defesa sustentou ainda que [&hellip;]<\/p>\n","protected":false},"author":96,"featured_media":0,"comment_status":"closed","ping_status":"closed","sticky":false,"template":"","format":"standard","meta":{"footnotes":""},"categories":[436,254,439],"tags":[],"class_list":["post-118838","post","type-post","status-publish","format-standard","hentry","category-destaque-da-semana","category-politica","category-ultima-hora"],"_links":{"self":[{"href":"https:\/\/diarioregionaldigital.com.br\/index.php?rest_route=\/wp\/v2\/posts\/118838","targetHints":{"allow":["GET"]}}],"collection":[{"href":"https:\/\/diarioregionaldigital.com.br\/index.php?rest_route=\/wp\/v2\/posts"}],"about":[{"href":"https:\/\/diarioregionaldigital.com.br\/index.php?rest_route=\/wp\/v2\/types\/post"}],"author":[{"embeddable":true,"href":"https:\/\/diarioregionaldigital.com.br\/index.php?rest_route=\/wp\/v2\/users\/96"}],"replies":[{"embeddable":true,"href":"https:\/\/diarioregionaldigital.com.br\/index.php?rest_route=%2Fwp%2Fv2%2Fcomments&post=118838"}],"version-history":[{"count":0,"href":"https:\/\/diarioregionaldigital.com.br\/index.php?rest_route=\/wp\/v2\/posts\/118838\/revisions"}],"wp:attachment":[{"href":"https:\/\/diarioregionaldigital.com.br\/index.php?rest_route=%2Fwp%2Fv2%2Fmedia&parent=118838"}],"wp:term":[{"taxonomy":"category","embeddable":true,"href":"https:\/\/diarioregionaldigital.com.br\/index.php?rest_route=%2Fwp%2Fv2%2Fcategories&post=118838"},{"taxonomy":"post_tag","embeddable":true,"href":"https:\/\/diarioregionaldigital.com.br\/index.php?rest_route=%2Fwp%2Fv2%2Ftags&post=118838"}],"curies":[{"name":"wp","href":"https:\/\/api.w.org\/{rel}","templated":true}]}}