{"id":118820,"date":"2018-09-07T14:16:40","date_gmt":"2018-09-07T17:16:40","guid":{"rendered":"https:\/\/diarioregionaldigital.com.br\/?p=118820"},"modified":"2018-09-07T14:16:40","modified_gmt":"2018-09-07T17:16:40","slug":"cogitado-na-juventus-marcelo-descarta-saida-do-real-madrid","status":"publish","type":"post","link":"https:\/\/diarioregionaldigital.com.br\/?p=118820","title":{"rendered":"Cogitado na Juventus, Marcelo descarta sa\u00edda do Real Madrid"},"content":{"rendered":"<p>O lateral-esquerdo Marcelo foi um dos nomes mais especulados para deixar o Real Madrid na atual janela de transfer\u00eancias. Por muito pouco, o brasileiro n\u00e3o trocou os merengues pela Juventus, onde agora joga Cristiano Ronaldo. Em entrevista \u00e0 TV oficial do clube, o jogador refor\u00e7ou o quanto gosta do time, e garantiu o desejo de permanecer por muito tempo.<\/p>\n<p>&#8220;Estou muito feliz no Real, \u00e9 a minha casa, o melhor clube do mundo, e quero sempre jogar no melhor. Tenho muitos anos de contrato. Desde que cheguei, h\u00e1 rumores, e \u00e9 dif\u00edcil ter que mostrar que posso estar no clube. Sempre dou o meu m\u00e1ximo&#8221;, afirmou o atleta.<\/p>\n<p>Marcelo tamb\u00e9m comentou sobre o atacante Vin\u00edcius J\u00fanior. O atacante ex-Flamengo est\u00e1 jogando na equipe B do Real e j\u00e1 come\u00e7a a brilhar. A jovem promessa foi muito elogiada por um dos l\u00edderes do elenco, mas fez quest\u00e3o de ressaltar a pouca idade que o garoto tem.<\/p>\n<p>&#8220;\u00c9 um menino e tem muita coisa a aprender. Ele esculacha os mais velhos, como eu e o Casemiro, e isso \u00e9 bom. Tenho certeza que vai triunfar no Real, mas \u00e9 um garoto, que est\u00e1 fazendo tudo o que precisa para crescer. A adapta\u00e7\u00e3o dele vai ser muito boa&#8221;, pontuou.<\/p>\n<p>O Campeonato Espanhol est\u00e1 parado no momento, em fun\u00e7\u00e3o da data Fifa. A competi\u00e7\u00e3o s\u00f3 volta no dia 15 de setembro, quando o Real Madrid entrar\u00e1 em campo diante do Athletic Bilbao, no Est\u00e1dio San Mam\u00e9s, \u00e0s 15h45 (hor\u00e1rio de Bras\u00edlia).<\/p>\n<p><strong>Fonte: Gazeta Press<\/strong><\/p>\n","protected":false},"excerpt":{"rendered":"<p>O lateral-esquerdo Marcelo foi um dos nomes mais especulados para deixar o Real Madrid na atual janela de transfer\u00eancias. Por muito pouco, o brasileiro n\u00e3o trocou os merengues pela Juventus, onde agora joga Cristiano Ronaldo. Em entrevista \u00e0 TV oficial do clube, o jogador refor\u00e7ou o quanto gosta do time, e garantiu o desejo de [&hellip;]<\/p>\n","protected":false},"author":96,"featured_media":118821,"comment_status":"closed","ping_status":"closed","sticky":false,"template":"","format":"standard","meta":{"footnotes":""},"categories":[257,439],"tags":[],"class_list":["post-118820","post","type-post","status-publish","format-standard","has-post-thumbnail","hentry","category-esporte","category-ultima-hora"],"_links":{"self":[{"href":"https:\/\/diarioregionaldigital.com.br\/index.php?rest_route=\/wp\/v2\/posts\/118820","targetHints":{"allow":["GET"]}}],"collection":[{"href":"https:\/\/diarioregionaldigital.com.br\/index.php?rest_route=\/wp\/v2\/posts"}],"about":[{"href":"https:\/\/diarioregionaldigital.com.br\/index.php?rest_route=\/wp\/v2\/types\/post"}],"author":[{"embeddable":true,"href":"https:\/\/diarioregionaldigital.com.br\/index.php?rest_route=\/wp\/v2\/users\/96"}],"replies":[{"embeddable":true,"href":"https:\/\/diarioregionaldigital.com.br\/index.php?rest_route=%2Fwp%2Fv2%2Fcomments&post=118820"}],"version-history":[{"count":0,"href":"https:\/\/diarioregionaldigital.com.br\/index.php?rest_route=\/wp\/v2\/posts\/118820\/revisions"}],"wp:featuredmedia":[{"embeddable":true,"href":"https:\/\/diarioregionaldigital.com.br\/index.php?rest_route=\/wp\/v2\/media\/118821"}],"wp:attachment":[{"href":"https:\/\/diarioregionaldigital.com.br\/index.php?rest_route=%2Fwp%2Fv2%2Fmedia&parent=118820"}],"wp:term":[{"taxonomy":"category","embeddable":true,"href":"https:\/\/diarioregionaldigital.com.br\/index.php?rest_route=%2Fwp%2Fv2%2Fcategories&post=118820"},{"taxonomy":"post_tag","embeddable":true,"href":"https:\/\/diarioregionaldigital.com.br\/index.php?rest_route=%2Fwp%2Fv2%2Ftags&post=118820"}],"curies":[{"name":"wp","href":"https:\/\/api.w.org\/{rel}","templated":true}]}}