{"id":118817,"date":"2018-09-07T14:13:28","date_gmt":"2018-09-07T17:13:28","guid":{"rendered":"https:\/\/diarioregionaldigital.com.br\/?p=118817"},"modified":"2018-09-07T14:13:28","modified_gmt":"2018-09-07T17:13:28","slug":"willian-maranhao-e-o-novo-reforco-do-vasco","status":"publish","type":"post","link":"https:\/\/diarioregionaldigital.com.br\/?p=118817","title":{"rendered":"Willian Maranh\u00e3o \u00e9 o novo refor\u00e7o do Vasco"},"content":{"rendered":"<p>Com a janela de transfer\u00eancias prestes a fechar, o Vasco acertou mais uma contrata\u00e7\u00e3o para o elenco profissional. Nesta segunda-feira, o volante Willian Maranh\u00e3o, de 22 anos, passou por exames m\u00e9dicos e fez seu primeiro treino com o grupo. A diretoria aguarda detalhes burocr\u00e1ticos e a assinatura do contrato para oficializar a transa\u00e7\u00e3o<\/p>\n<p>Maranh\u00e3o disputava a S\u00e9rie C do Campeonato Brasileiro pelo Santa Cruz. No in\u00edcio do ano, jogou pelo Boavista no Campeonato Carioca.<\/p>\n<p>O Vasco tem at\u00e9 esta ter\u00e7a-feira para oficializar a contrata\u00e7\u00e3o de Willian. Este \u00e9 o fim do prazo de inscri\u00e7\u00e3o de jogadores na S\u00e9rie A do Campeonato Brasileiro.<\/p>\n<p>Fonte: Vasco da Gama<\/p>\n","protected":false},"excerpt":{"rendered":"<p>Com a janela de transfer\u00eancias prestes a fechar, o Vasco acertou mais uma contrata\u00e7\u00e3o para o elenco profissional. Nesta segunda-feira, o volante Willian Maranh\u00e3o, de 22 anos, passou por exames m\u00e9dicos e fez seu primeiro treino com o grupo. A diretoria aguarda detalhes burocr\u00e1ticos e a assinatura do contrato para oficializar a transa\u00e7\u00e3o Maranh\u00e3o disputava [&hellip;]<\/p>\n","protected":false},"author":96,"featured_media":118818,"comment_status":"closed","ping_status":"closed","sticky":false,"template":"","format":"standard","meta":{"footnotes":""},"categories":[257,439],"tags":[],"class_list":["post-118817","post","type-post","status-publish","format-standard","has-post-thumbnail","hentry","category-esporte","category-ultima-hora"],"_links":{"self":[{"href":"https:\/\/diarioregionaldigital.com.br\/index.php?rest_route=\/wp\/v2\/posts\/118817","targetHints":{"allow":["GET"]}}],"collection":[{"href":"https:\/\/diarioregionaldigital.com.br\/index.php?rest_route=\/wp\/v2\/posts"}],"about":[{"href":"https:\/\/diarioregionaldigital.com.br\/index.php?rest_route=\/wp\/v2\/types\/post"}],"author":[{"embeddable":true,"href":"https:\/\/diarioregionaldigital.com.br\/index.php?rest_route=\/wp\/v2\/users\/96"}],"replies":[{"embeddable":true,"href":"https:\/\/diarioregionaldigital.com.br\/index.php?rest_route=%2Fwp%2Fv2%2Fcomments&post=118817"}],"version-history":[{"count":0,"href":"https:\/\/diarioregionaldigital.com.br\/index.php?rest_route=\/wp\/v2\/posts\/118817\/revisions"}],"wp:featuredmedia":[{"embeddable":true,"href":"https:\/\/diarioregionaldigital.com.br\/index.php?rest_route=\/wp\/v2\/media\/118818"}],"wp:attachment":[{"href":"https:\/\/diarioregionaldigital.com.br\/index.php?rest_route=%2Fwp%2Fv2%2Fmedia&parent=118817"}],"wp:term":[{"taxonomy":"category","embeddable":true,"href":"https:\/\/diarioregionaldigital.com.br\/index.php?rest_route=%2Fwp%2Fv2%2Fcategories&post=118817"},{"taxonomy":"post_tag","embeddable":true,"href":"https:\/\/diarioregionaldigital.com.br\/index.php?rest_route=%2Fwp%2Fv2%2Ftags&post=118817"}],"curies":[{"name":"wp","href":"https:\/\/api.w.org\/{rel}","templated":true}]}}