{"id":118814,"date":"2018-09-07T13:55:01","date_gmt":"2018-09-07T16:55:01","guid":{"rendered":"https:\/\/diarioregionaldigital.com.br\/?p=118814"},"modified":"2018-09-07T13:55:01","modified_gmt":"2018-09-07T16:55:01","slug":"vinicius-junior-pode-voltar-ao-flamengo-por-emprestimo-no-ano-que-vem","status":"publish","type":"post","link":"https:\/\/diarioregionaldigital.com.br\/?p=118814","title":{"rendered":"Vin\u00edcius J\u00fanior pode voltar ao Flamengo por empr\u00e9stimo no ano que vem"},"content":{"rendered":"<p>O jornal espanhol\u00a0Marcaestampou em sua capa a possibilidade do retorno do atacante Vin\u00edcius J\u00fanior ao\u00a0 Flamengo, no in\u00edcio do ano que vem. Pouco aproveitado no elenco principal, a jovem promessa vem atuando no Real Madrid B.<\/p>\n<p>Na atual temporada, pelo menos, por enquanto, Bale e Benzema vem correspondendo \u00e0s expectativas, al\u00e9m de Asensio, que tamb\u00e9m est\u00e1 se destacando pelo clube da capital espanhola.<\/p>\n<p>Diante desse cen\u00e1rio, a possibilidade de retornar para a G\u00e1vea existe. O contrato seria por empr\u00e9stimo at\u00e9 o meio de 2019. A ideia \u00e9 fazer com que Vin\u00edcius J\u00fanior ganhe minutos e rodagem. Apesar de ter feito amistosos na pr\u00e9-temporada, o t\u00e9cnico Julen Lopetegui n\u00e3o vem relacionando o ex-Flamengo para as partidas deste in\u00edcio do Campeonato Espanhol.<\/p>\n<p>Para contrat\u00e1-lo, o\u00a0Real Madrid\u00a0desembolsou 45 milh\u00f5es de euros (aproximadamente R$ 217 milh\u00f5es na cota\u00e7\u00e3o atual) em maio do ano passado ao Flamengo. Por\u00e9m, s\u00f3 se juntou aos demais companheiros de Real no in\u00edcio desta temporada.<\/p>\n<p>Lembrando que o clube espanhol desembolsou praticamente o mesmo valor para trazer Rodrygo, de apenas 17 anos, a mais nova revela\u00e7\u00e3o do Santos. O Rayo deixar\u00e1 a Vila Belmiro em julho de 2019, quando j\u00e1 ser\u00e1 maior de idade.<\/p>\n<p>Fonte: Gazeta Press<\/p>\n","protected":false},"excerpt":{"rendered":"<p>O jornal espanhol\u00a0Marcaestampou em sua capa a possibilidade do retorno do atacante Vin\u00edcius J\u00fanior ao\u00a0 Flamengo, no in\u00edcio do ano que vem. Pouco aproveitado no elenco principal, a jovem promessa vem atuando no Real Madrid B. Na atual temporada, pelo menos, por enquanto, Bale e Benzema vem correspondendo \u00e0s expectativas, al\u00e9m de Asensio, que tamb\u00e9m [&hellip;]<\/p>\n","protected":false},"author":96,"featured_media":118815,"comment_status":"closed","ping_status":"closed","sticky":false,"template":"","format":"standard","meta":{"footnotes":""},"categories":[257,439],"tags":[],"class_list":["post-118814","post","type-post","status-publish","format-standard","has-post-thumbnail","hentry","category-esporte","category-ultima-hora"],"_links":{"self":[{"href":"https:\/\/diarioregionaldigital.com.br\/index.php?rest_route=\/wp\/v2\/posts\/118814","targetHints":{"allow":["GET"]}}],"collection":[{"href":"https:\/\/diarioregionaldigital.com.br\/index.php?rest_route=\/wp\/v2\/posts"}],"about":[{"href":"https:\/\/diarioregionaldigital.com.br\/index.php?rest_route=\/wp\/v2\/types\/post"}],"author":[{"embeddable":true,"href":"https:\/\/diarioregionaldigital.com.br\/index.php?rest_route=\/wp\/v2\/users\/96"}],"replies":[{"embeddable":true,"href":"https:\/\/diarioregionaldigital.com.br\/index.php?rest_route=%2Fwp%2Fv2%2Fcomments&post=118814"}],"version-history":[{"count":0,"href":"https:\/\/diarioregionaldigital.com.br\/index.php?rest_route=\/wp\/v2\/posts\/118814\/revisions"}],"wp:featuredmedia":[{"embeddable":true,"href":"https:\/\/diarioregionaldigital.com.br\/index.php?rest_route=\/wp\/v2\/media\/118815"}],"wp:attachment":[{"href":"https:\/\/diarioregionaldigital.com.br\/index.php?rest_route=%2Fwp%2Fv2%2Fmedia&parent=118814"}],"wp:term":[{"taxonomy":"category","embeddable":true,"href":"https:\/\/diarioregionaldigital.com.br\/index.php?rest_route=%2Fwp%2Fv2%2Fcategories&post=118814"},{"taxonomy":"post_tag","embeddable":true,"href":"https:\/\/diarioregionaldigital.com.br\/index.php?rest_route=%2Fwp%2Fv2%2Ftags&post=118814"}],"curies":[{"name":"wp","href":"https:\/\/api.w.org\/{rel}","templated":true}]}}