{"id":118121,"date":"2018-09-07T09:33:38","date_gmt":"2018-09-07T12:33:38","guid":{"rendered":"https:\/\/diarioregionaldigital.com.br\/?p=118121"},"modified":"2018-09-08T09:08:52","modified_gmt":"2018-09-08T12:08:52","slug":"bolsonaro-e-transferido-para-hospital-albert-einstein-em-sao-paulo","status":"publish","type":"post","link":"https:\/\/diarioregionaldigital.com.br\/?p=118121","title":{"rendered":"Bolsonaro \u00e9 transferido para hospital Albert Einstein em S\u00e3o Paulo"},"content":{"rendered":"<p>O candidato \u00e0 presid\u00eancia Jair Bolsonaro foi avaliado na madrugada desta sexta-feira por uma junta m\u00e9dica composta por cinco m\u00e9dicos: dois da Santa Casa JF e 3 do S\u00edrio Liban\u00eas. S\u00e3o eles:\u00a0 dr. Luiz Henrique Borsato, cirurgi\u00e3o da Santa Casa, dr. Eduardo Borato, cardiologista da Santa Casa e os m\u00e9dicos do hospital S\u00edrio Liban\u00eas, Dra Filomena Galas, Dr. Juliano Pinheiro de Almeida e dra. Ludmilla Abra\u00e3o Hajjar.<\/p>\n<p>De acordo com a assessoria da Santa Casa de Miseric\u00f3rdia de Juiz de Fora, o paciente Jair Messias Bolsonaro saiu agora a pouco da unidade e foi transferido para o hospital Albert Einstein em S\u00e3o Paulo.<\/p>\n<p>Bolsonaro saiu hoje, 7, \u00e0s 8h30 em uma ambul\u00e2ncia, escoltada por carros da pol\u00edcia, em dire\u00e7\u00e3o ao aeroporto da cidade.<\/p>\n<p>De acordo com o filho dele, deputado estadual Fl\u00e1vio Bolsonaro (PSL-RJ), o pai j\u00e1 est\u00e1 l\u00facido, inclusive fazendo brincadeiras sobre o que ocorreu.<\/p>\n<p>O deputado afirmou que n\u00e3o \u00e9 poss\u00edvel definir se Bolsonaro ter\u00e1 condi\u00e7\u00f5es de sa\u00fade para voltar \u00e0s ruas ainda no primeiro turno. Segundo ele, o mais prov\u00e1vel \u00e9 que a campanha seja pela internet.<\/p>\n<h2>M\u00e9dica diz que recupera\u00e7\u00e3o \u00e9 positiva<\/h2>\n<p>A diretora t\u00e9cnica da Santa Casa, m\u00e9dica Eunice Dantas, considerou positiva a recupera\u00e7\u00e3o do candidato nas \u00faltimas horas e destacou que a facada que ele levou, por quest\u00f5es de cent\u00edmetros, n\u00e3o atingiu regi\u00f5es mais vitais do corpo, o que teria agravado muito a situa\u00e7\u00e3o.<\/p>\n<p>Do lado de fora da Santa Casa, alguns apoiadores de Bolsonaro fizeram vig\u00edlia durante todo o tempo em que ele esteve internado desde a tarde de ontem.<\/p>\n<p>Na avenida em frente, onde ocorre a parada de 7 de Setembro, alunos de uma escola militar deixaram a posi\u00e7\u00e3o em que se encontraram para aplaudir a ambul\u00e2ncia que levava o candidato.<\/p>\n<p>Quando os filhos do candidato, deputado federal Eduardo Bolsonaro (PSL-SP) e Fl\u00e1vio Bolsonaro se aproximaram, os alunos os cercaram, aos gritos de \u201cmito\u201d, como \u00e9 chamado Bolsonaro por seus apoiadores.<\/p>\n<p>&nbsp;<\/p>\n","protected":false},"excerpt":{"rendered":"<p>O candidato \u00e0 presid\u00eancia Jair Bolsonaro foi avaliado na madrugada desta sexta-feira por uma junta m\u00e9dica composta por cinco m\u00e9dicos: dois da Santa Casa JF e 3 do S\u00edrio Liban\u00eas. S\u00e3o eles:\u00a0 dr. Luiz Henrique Borsato, cirurgi\u00e3o da Santa Casa, dr. Eduardo Borato, cardiologista da Santa Casa e os m\u00e9dicos do hospital S\u00edrio Liban\u00eas, Dra [&hellip;]<\/p>\n","protected":false},"author":96,"featured_media":118123,"comment_status":"closed","ping_status":"closed","sticky":false,"template":"","format":"standard","meta":{"footnotes":""},"categories":[253,439],"tags":[],"class_list":["post-118121","post","type-post","status-publish","format-standard","has-post-thumbnail","hentry","category-cidade","category-ultima-hora"],"_links":{"self":[{"href":"https:\/\/diarioregionaldigital.com.br\/index.php?rest_route=\/wp\/v2\/posts\/118121","targetHints":{"allow":["GET"]}}],"collection":[{"href":"https:\/\/diarioregionaldigital.com.br\/index.php?rest_route=\/wp\/v2\/posts"}],"about":[{"href":"https:\/\/diarioregionaldigital.com.br\/index.php?rest_route=\/wp\/v2\/types\/post"}],"author":[{"embeddable":true,"href":"https:\/\/diarioregionaldigital.com.br\/index.php?rest_route=\/wp\/v2\/users\/96"}],"replies":[{"embeddable":true,"href":"https:\/\/diarioregionaldigital.com.br\/index.php?rest_route=%2Fwp%2Fv2%2Fcomments&post=118121"}],"version-history":[{"count":0,"href":"https:\/\/diarioregionaldigital.com.br\/index.php?rest_route=\/wp\/v2\/posts\/118121\/revisions"}],"wp:featuredmedia":[{"embeddable":true,"href":"https:\/\/diarioregionaldigital.com.br\/index.php?rest_route=\/wp\/v2\/media\/118123"}],"wp:attachment":[{"href":"https:\/\/diarioregionaldigital.com.br\/index.php?rest_route=%2Fwp%2Fv2%2Fmedia&parent=118121"}],"wp:term":[{"taxonomy":"category","embeddable":true,"href":"https:\/\/diarioregionaldigital.com.br\/index.php?rest_route=%2Fwp%2Fv2%2Fcategories&post=118121"},{"taxonomy":"post_tag","embeddable":true,"href":"https:\/\/diarioregionaldigital.com.br\/index.php?rest_route=%2Fwp%2Fv2%2Ftags&post=118121"}],"curies":[{"name":"wp","href":"https:\/\/api.w.org\/{rel}","templated":true}]}}