{"id":118073,"date":"2018-09-06T22:36:04","date_gmt":"2018-09-07T01:36:04","guid":{"rendered":"https:\/\/diarioregionaldigital.com.br\/?p=118073"},"modified":"2018-09-25T11:17:56","modified_gmt":"2018-09-25T14:17:56","slug":"bolsonaro-passou-por-cirurgia-e-quadro-e-estavel","status":"publish","type":"post","link":"https:\/\/diarioregionaldigital.com.br\/?p=118073","title":{"rendered":"Bolsonaro passou por cirurgia e quadro \u00e9 est\u00e1vel"},"content":{"rendered":"<p><em><span style=\"font-size: 10pt;\">*Por: Caroline Delgado e S\u00e1vio Duque<\/span><\/em><\/p>\n<p>O Hospital Santa Casa de Miseric\u00f3rdia de Juiz de Fora, local onde candidato \u00e0 Presid\u00eancia Jair Bolsonaro (PSL) est\u00e1 internado, realizou na noite desta quinta-feira, 6, uma coletiva de imprensa para informar a atual situa\u00e7\u00e3o do deputado.<\/p>\n<p>Estiverem presente na coletiva o Presidente da Santa Casa, Renato Vilela Loures, o Chefe do Departamento de Cirurgia, C\u00edcero Rena, e Luis Henrique Borsato, M\u00e9dico Cirurgi\u00e3o da Equipe Geral do Hospital, entre outros membros da equipe m\u00e9dica.<\/p>\n<p>De acordo com o cirurgi\u00e3o,<a href=\"https:\/\/diarioregionaldigital.com.br\/2018\/09\/06\/bolsonaro-e-atingido-com-golpe-no-abdomen\/\"> como consequ\u00eancia do golpe sofrido durante um evento na cidade<\/a>, Jair Bolsonaro sofreu um traumatismo abdominal. &#8220;Ele deu entrada no hospital com sinais de choque e foi submetido a uma cirurgia de car\u00e1ter de urg\u00eancia, onde identificamos uma volumosa hemorragia interna&#8221;, conta. Segundo Luis Henrique, o candidato teve uma les\u00e3o de uma veia do abd\u00f4men. &#8220;A hemorragia foi controlada com uma ligadura da veia e foi estancada&#8221;.<\/p>\n<div id=\"attachment_118075\" style=\"width: 436px\" class=\"wp-caption alignleft\"><img loading=\"lazy\" decoding=\"async\" aria-describedby=\"caption-attachment-118075\" class=\" wp-image-118075\" src=\"https:\/\/diarioregionaldigital.com.br\/wp-content\/uploads\/2018\/09\/RAFAELA-FRUTUOSO-usar-essa-2-2-300x200.jpg\" alt=\"\" width=\"426\" height=\"284\" srcset=\"https:\/\/diarioregionaldigital.com.br\/wp-content\/uploads\/2018\/09\/RAFAELA-FRUTUOSO-usar-essa-2-2-300x200.jpg 300w, https:\/\/diarioregionaldigital.com.br\/wp-content\/uploads\/2018\/09\/RAFAELA-FRUTUOSO-usar-essa-2-2-768x512.jpg 768w, https:\/\/diarioregionaldigital.com.br\/wp-content\/uploads\/2018\/09\/RAFAELA-FRUTUOSO-usar-essa-2-2-1024x683.jpg 1024w, https:\/\/diarioregionaldigital.com.br\/wp-content\/uploads\/2018\/09\/RAFAELA-FRUTUOSO-usar-essa-2-2-360x240.jpg 360w\" sizes=\"auto, (max-width: 426px) 100vw, 426px\" \/><p id=\"caption-attachment-118075\" class=\"wp-caption-text\">Luis Henrique Borsato, M\u00e9dico Cirurgi\u00e3o da Equipe Geral da Santa Casa \/ Foto: Rafaela Frutuoso<\/p><\/div>\n<p>&nbsp;<\/p>\n<p>Bolsonaro apresentou outras les\u00f5es em \u00f3rg\u00e3os intra-abdominais. Ele sofreu tr\u00eas perfura\u00e7\u00f5es no intestino delgado, que foram tratadas com sutura prim\u00e1ria (pontos), al\u00e9m de uma les\u00e3o grave no intestino grosso, numa regi\u00e3o chamada c\u00f3lon transverso. &#8220;Uma les\u00e3o transfixante grande, extensa, onde havia uma contamina\u00e7\u00e3o de fezes no interior da cavidade abdominal&#8221;, explica o doutor. Foi feita uma ressec\u00e7\u00e3o, sendo necess\u00e1rio realizar uma colostomia. As les\u00f5es mais graves que amea\u00e7avam a vida de Bolsonaro foram tratadas durante a cirurgia. O paciente est\u00e1 na UTI (Unidade de Terapia Intensiva) com um quadro naturalmente grave devido ao golpe, mas est\u00e1vel.<\/p>\n<p>O candidato ficar\u00e1 hospitalizado por, no m\u00ednimo, dez dias. Os m\u00e9dicos estimam que o tempo de recupera\u00e7\u00e3o \u00e9 de, pelo menos, dois meses, e depois ele ter\u00e1 que ser operado novamente para revers\u00e3o da colostomia.<\/p>\n<p>A pedido da fam\u00edlia de Jair Bolsonaro, uma equipe do Hospital S\u00edrio Liban\u00eas, de S\u00e3o Paulo, est\u00e1 \u00e0 caminho de Juiz de Fora para acompanhar o quadro do candidato. De acordo com as informa\u00e7\u00f5es da Santa Casa, ele n\u00e3o poder\u00e1 ser transferido nas pr\u00f3ximas horas.<\/p>\n","protected":false},"excerpt":{"rendered":"<p>*Por: Caroline Delgado e S\u00e1vio Duque O Hospital Santa Casa de Miseric\u00f3rdia de Juiz de Fora, local onde candidato \u00e0 Presid\u00eancia Jair Bolsonaro (PSL) est\u00e1 internado, realizou na noite desta quinta-feira, 6, uma coletiva de imprensa para informar a atual situa\u00e7\u00e3o do deputado. Estiverem presente na coletiva o Presidente da Santa Casa, Renato Vilela Loures, [&hellip;]<\/p>\n","protected":false},"author":96,"featured_media":118074,"comment_status":"closed","ping_status":"closed","sticky":false,"template":"","format":"standard","meta":{"footnotes":""},"categories":[253,436,440,254,439],"tags":[797,1030,1201,1200,312],"class_list":["post-118073","post","type-post","status-publish","format-standard","has-post-thumbnail","hentry","category-cidade","category-destaque-da-semana","category-destaques-do-dia","category-politica","category-ultima-hora","tag-cirurgia","tag-crime","tag-golpe","tag-jair-bolsonaro","tag-juiz-de-fora"],"_links":{"self":[{"href":"https:\/\/diarioregionaldigital.com.br\/index.php?rest_route=\/wp\/v2\/posts\/118073","targetHints":{"allow":["GET"]}}],"collection":[{"href":"https:\/\/diarioregionaldigital.com.br\/index.php?rest_route=\/wp\/v2\/posts"}],"about":[{"href":"https:\/\/diarioregionaldigital.com.br\/index.php?rest_route=\/wp\/v2\/types\/post"}],"author":[{"embeddable":true,"href":"https:\/\/diarioregionaldigital.com.br\/index.php?rest_route=\/wp\/v2\/users\/96"}],"replies":[{"embeddable":true,"href":"https:\/\/diarioregionaldigital.com.br\/index.php?rest_route=%2Fwp%2Fv2%2Fcomments&post=118073"}],"version-history":[{"count":0,"href":"https:\/\/diarioregionaldigital.com.br\/index.php?rest_route=\/wp\/v2\/posts\/118073\/revisions"}],"wp:featuredmedia":[{"embeddable":true,"href":"https:\/\/diarioregionaldigital.com.br\/index.php?rest_route=\/wp\/v2\/media\/118074"}],"wp:attachment":[{"href":"https:\/\/diarioregionaldigital.com.br\/index.php?rest_route=%2Fwp%2Fv2%2Fmedia&parent=118073"}],"wp:term":[{"taxonomy":"category","embeddable":true,"href":"https:\/\/diarioregionaldigital.com.br\/index.php?rest_route=%2Fwp%2Fv2%2Fcategories&post=118073"},{"taxonomy":"post_tag","embeddable":true,"href":"https:\/\/diarioregionaldigital.com.br\/index.php?rest_route=%2Fwp%2Fv2%2Ftags&post=118073"}],"curies":[{"name":"wp","href":"https:\/\/api.w.org\/{rel}","templated":true}]}}