{"id":118063,"date":"2018-09-07T06:00:55","date_gmt":"2018-09-07T09:00:55","guid":{"rendered":"https:\/\/diarioregionaldigital.com.br\/?p=118063"},"modified":"2018-09-06T21:06:39","modified_gmt":"2018-09-07T00:06:39","slug":"aplausos","status":"publish","type":"post","link":"https:\/\/diarioregionaldigital.com.br\/?p=118063","title":{"rendered":"Aplausos"},"content":{"rendered":"<p style=\"text-align: center;\"><strong>Arte<\/strong><\/p>\n<p style=\"text-align: center;\">Devido ao grande sucesso do Espa\u00e7o do Artista, o Independ\u00eancia Shopping continua a comemora\u00e7\u00e3o de seus 10 anos dando representatividade e abrindo as portas para artista locais exporem suas obras. Uma forma de aproximar os frequentadores com as artes pl\u00e1sticas, incentivar e expor o trabalho dos profissionais locais. Dando continuidade ao projeto, a terceira rodada de exposi\u00e7\u00f5es ser\u00e1 com Izabel Mano. As obras j\u00e1 est\u00e3o revestindo as paredes, do L2 do Independ\u00eancia Shopping.<\/p>\n<p style=\"text-align: center;\"><strong>Minascon<\/strong><\/p>\n<p style=\"text-align: center;\">Juiz de Fora ir\u00e1 sediar pela 1\u00aa vez o Minascon. O evento ir\u00e1 discutir inova\u00e7\u00e3o e tecnologia, entre os dias 25 e 27 de agosto, e ir\u00e1 apresentar as tend\u00eancias de mercado nas \u00e1reas de engenharia, arquitetura, ind\u00fastria e constru\u00e7\u00e3o. A organiza\u00e7\u00e3o do evento acredita na era digital como alternativa para a redu\u00e7\u00e3o de custos, planejamento inteligente e baixo impacto ambiental.<\/p>\n<p style=\"text-align: center;\"><strong>\u00c1lbum<\/strong><\/p>\n<p style=\"text-align: center;\">Abrindo as atividades do segundo semestre, o Instituto Hist\u00f3rico e Geogr\u00e1fico de Juiz de Fora promoveu posse do novo confrade Prof. Washington Francisco Londres, que ocupou a cadeira de n\u00ba 9 de Belmiro Braga. A palestra com o tema \u201cMem\u00f3rias tang\u00edveis na afirma\u00e7\u00e3o e desconstru\u00e7\u00e3o da identidade al\u00e9m\u00e3 entre Cat\u00f3licos e Luteranos no Cemit\u00e9rio da Gl\u00f3ria\u201d foi o maior sucesso.<\/p>\n<p style=\"text-align: center;\"><strong>Aplausos<\/strong><\/p>\n<p style=\"text-align: center;\">Carism\u00e1tica e talentosa, a escritora Cecy Barbosa Campos tirou o 2\u00ba lugar na categoria Aldravias \u2013 Pr\u00eamios Andr\u00e9a Donadon Leal, no Concurso Internacional de Literatura (livros publicados em 2017).<\/p>\n<div id=\"attachment_118021\" style=\"width: 690px\" class=\"wp-caption aligncenter\"><img loading=\"lazy\" decoding=\"async\" aria-describedby=\"caption-attachment-118021\" class=\"wp-image-118021\" src=\"https:\/\/diarioregionaldigital.com.br\/wp-content\/uploads\/2018\/09\/fotoa-3-e1536278411703.jpg\" alt=\"\" width=\"680\" height=\"409\" srcset=\"https:\/\/diarioregionaldigital.com.br\/wp-content\/uploads\/2018\/09\/fotoa-3-e1536278411703.jpg 895w, https:\/\/diarioregionaldigital.com.br\/wp-content\/uploads\/2018\/09\/fotoa-3-e1536278411703-300x180.jpg 300w, https:\/\/diarioregionaldigital.com.br\/wp-content\/uploads\/2018\/09\/fotoa-3-e1536278411703-768x462.jpg 768w, https:\/\/diarioregionaldigital.com.br\/wp-content\/uploads\/2018\/09\/fotoa-3-e1536278411703-360x216.jpg 360w\" sizes=\"auto, (max-width: 680px) 100vw, 680px\" \/><p id=\"caption-attachment-118021\" class=\"wp-caption-text\">Diretoria para a Festa \u201cOs Melhores de 2018\u201d, com Rafael Oliveira, Rosenberg Frizeiro, Eduardo Gomes (anfitri\u00e3o), Sandra Portella e Erika Beire<\/p><\/div>\n<div id=\"attachment_118022\" style=\"width: 690px\" class=\"wp-caption aligncenter\"><img loading=\"lazy\" decoding=\"async\" aria-describedby=\"caption-attachment-118022\" class=\"wp-image-118022\" src=\"https:\/\/diarioregionaldigital.com.br\/wp-content\/uploads\/2018\/09\/fotoaa-3-e1536278435426.jpg\" alt=\"\" width=\"680\" height=\"484\" srcset=\"https:\/\/diarioregionaldigital.com.br\/wp-content\/uploads\/2018\/09\/fotoaa-3-e1536278435426.jpg 914w, https:\/\/diarioregionaldigital.com.br\/wp-content\/uploads\/2018\/09\/fotoaa-3-e1536278435426-300x213.jpg 300w, https:\/\/diarioregionaldigital.com.br\/wp-content\/uploads\/2018\/09\/fotoaa-3-e1536278435426-768x546.jpg 768w, https:\/\/diarioregionaldigital.com.br\/wp-content\/uploads\/2018\/09\/fotoaa-3-e1536278435426-360x256.jpg 360w, https:\/\/diarioregionaldigital.com.br\/wp-content\/uploads\/2018\/09\/fotoaa-3-e1536278435426-100x70.jpg 100w\" sizes=\"auto, (max-width: 680px) 100vw, 680px\" \/><p id=\"caption-attachment-118022\" class=\"wp-caption-text\">No Pluri Bistr\u00f4, as lindas e elegantes irm\u00e3s Vera Alice Tam e Tanani Brion chamaram \u00e0 aten\u00e7\u00e3o<\/p><\/div>\n<div id=\"attachment_118024\" style=\"width: 690px\" class=\"wp-caption aligncenter\"><img loading=\"lazy\" decoding=\"async\" aria-describedby=\"caption-attachment-118024\" class=\"wp-image-118024\" src=\"https:\/\/diarioregionaldigital.com.br\/wp-content\/uploads\/2018\/09\/fotobb-3-e1536278459724.jpg\" alt=\"\" width=\"680\" height=\"566\" srcset=\"https:\/\/diarioregionaldigital.com.br\/wp-content\/uploads\/2018\/09\/fotobb-3-e1536278459724.jpg 538w, https:\/\/diarioregionaldigital.com.br\/wp-content\/uploads\/2018\/09\/fotobb-3-e1536278459724-300x250.jpg 300w, https:\/\/diarioregionaldigital.com.br\/wp-content\/uploads\/2018\/09\/fotobb-3-e1536278459724-360x300.jpg 360w\" sizes=\"auto, (max-width: 680px) 100vw, 680px\" \/><p id=\"caption-attachment-118024\" class=\"wp-caption-text\">Presen\u00e7a marcante para a festa \u201cOs melhores de 2018\u201d com o empres\u00e1rio do ano M\u00e1rcio Marques<\/p><\/div>\n<div id=\"attachment_118026\" style=\"width: 690px\" class=\"wp-caption aligncenter\"><img loading=\"lazy\" decoding=\"async\" aria-describedby=\"caption-attachment-118026\" class=\"wp-image-118026\" src=\"https:\/\/diarioregionaldigital.com.br\/wp-content\/uploads\/2018\/09\/fotocc-1-e1536278480268.jpg\" alt=\"\" width=\"680\" height=\"474\" srcset=\"https:\/\/diarioregionaldigital.com.br\/wp-content\/uploads\/2018\/09\/fotocc-1-e1536278480268.jpg 933w, https:\/\/diarioregionaldigital.com.br\/wp-content\/uploads\/2018\/09\/fotocc-1-e1536278480268-300x210.jpg 300w, https:\/\/diarioregionaldigital.com.br\/wp-content\/uploads\/2018\/09\/fotocc-1-e1536278480268-768x535.jpg 768w, https:\/\/diarioregionaldigital.com.br\/wp-content\/uploads\/2018\/09\/fotocc-1-e1536278480268-360x251.jpg 360w, https:\/\/diarioregionaldigital.com.br\/wp-content\/uploads\/2018\/09\/fotocc-1-e1536278480268-100x70.jpg 100w\" sizes=\"auto, (max-width: 680px) 100vw, 680px\" \/><p id=\"caption-attachment-118026\" class=\"wp-caption-text\">No Rio de Janeiro comemorando o sucesso da MultSa\u00fade, a empres\u00e1ria 2018 Marcelle Oliveira com as cariocas Elaine Martins, \u00c2ngela Nogueira e Edmeia Oliveira<\/p><\/div>\n<div id=\"attachment_118027\" style=\"width: 690px\" class=\"wp-caption aligncenter\"><img loading=\"lazy\" decoding=\"async\" aria-describedby=\"caption-attachment-118027\" class=\"wp-image-118027\" src=\"https:\/\/diarioregionaldigital.com.br\/wp-content\/uploads\/2018\/09\/fotod-2-e1536278500372.jpg\" alt=\"\" width=\"680\" height=\"492\" srcset=\"https:\/\/diarioregionaldigital.com.br\/wp-content\/uploads\/2018\/09\/fotod-2-e1536278500372.jpg 552w, https:\/\/diarioregionaldigital.com.br\/wp-content\/uploads\/2018\/09\/fotod-2-e1536278500372-300x217.jpg 300w, https:\/\/diarioregionaldigital.com.br\/wp-content\/uploads\/2018\/09\/fotod-2-e1536278500372-360x260.jpg 360w\" sizes=\"auto, (max-width: 680px) 100vw, 680px\" \/><p id=\"caption-attachment-118027\" class=\"wp-caption-text\">Mulheres chiques no Bom Pastor, Marilene Batitucci Halfeld, L\u00facia Abdalla, Lourdinha Batitucci e Marlene Bello<\/p><\/div>\n<div id=\"attachment_118028\" style=\"width: 690px\" class=\"wp-caption aligncenter\"><img loading=\"lazy\" decoding=\"async\" aria-describedby=\"caption-attachment-118028\" class=\"wp-image-118028\" src=\"https:\/\/diarioregionaldigital.com.br\/wp-content\/uploads\/2018\/09\/fotoe-1-e1536278515618.jpg\" alt=\"\" width=\"680\" height=\"484\" srcset=\"https:\/\/diarioregionaldigital.com.br\/wp-content\/uploads\/2018\/09\/fotoe-1-e1536278515618.jpg 801w, https:\/\/diarioregionaldigital.com.br\/wp-content\/uploads\/2018\/09\/fotoe-1-e1536278515618-300x213.jpg 300w, https:\/\/diarioregionaldigital.com.br\/wp-content\/uploads\/2018\/09\/fotoe-1-e1536278515618-768x547.jpg 768w, https:\/\/diarioregionaldigital.com.br\/wp-content\/uploads\/2018\/09\/fotoe-1-e1536278515618-360x256.jpg 360w, https:\/\/diarioregionaldigital.com.br\/wp-content\/uploads\/2018\/09\/fotoe-1-e1536278515618-100x70.jpg 100w\" sizes=\"auto, (max-width: 680px) 100vw, 680px\" \/><p id=\"caption-attachment-118028\" class=\"wp-caption-text\">Gente antenada no Experimental Container Bar com Renato Abud, Em\u00edlia Soares e Vin\u00edcius Gon\u00e7alves<\/p><\/div>\n<div id=\"attachment_118030\" style=\"width: 690px\" class=\"wp-caption aligncenter\"><img loading=\"lazy\" decoding=\"async\" aria-describedby=\"caption-attachment-118030\" class=\"wp-image-118030\" src=\"https:\/\/diarioregionaldigital.com.br\/wp-content\/uploads\/2018\/09\/fotof-1-e1536278541507.jpg\" alt=\"\" width=\"680\" height=\"614\" srcset=\"https:\/\/diarioregionaldigital.com.br\/wp-content\/uploads\/2018\/09\/fotof-1-e1536278541507.jpg 775w, https:\/\/diarioregionaldigital.com.br\/wp-content\/uploads\/2018\/09\/fotof-1-e1536278541507-300x271.jpg 300w, https:\/\/diarioregionaldigital.com.br\/wp-content\/uploads\/2018\/09\/fotof-1-e1536278541507-768x694.jpg 768w, https:\/\/diarioregionaldigital.com.br\/wp-content\/uploads\/2018\/09\/fotof-1-e1536278541507-360x325.jpg 360w\" sizes=\"auto, (max-width: 680px) 100vw, 680px\" \/><p id=\"caption-attachment-118030\" class=\"wp-caption-text\">O olhar 43 de Jean Lucas Gon\u00e7alves em sintonia com o close fotogr\u00e1fico<\/p><\/div>\n<div id=\"attachment_118033\" style=\"width: 690px\" class=\"wp-caption aligncenter\"><img loading=\"lazy\" decoding=\"async\" aria-describedby=\"caption-attachment-118033\" class=\"wp-image-118033\" src=\"https:\/\/diarioregionaldigital.com.br\/wp-content\/uploads\/2018\/09\/fotoi-3-e1536278560728.jpg\" alt=\"\" width=\"680\" height=\"532\" srcset=\"https:\/\/diarioregionaldigital.com.br\/wp-content\/uploads\/2018\/09\/fotoi-3-e1536278560728.jpg 765w, https:\/\/diarioregionaldigital.com.br\/wp-content\/uploads\/2018\/09\/fotoi-3-e1536278560728-300x235.jpg 300w, https:\/\/diarioregionaldigital.com.br\/wp-content\/uploads\/2018\/09\/fotoi-3-e1536278560728-360x281.jpg 360w\" sizes=\"auto, (max-width: 680px) 100vw, 680px\" \/><p id=\"caption-attachment-118033\" class=\"wp-caption-text\">Fam\u00edlia linda da realeza Sagioro com Ana L\u00edvia e Ulisses com as filhas Paula, Luciana e Sofia, na Casa da Mata<\/p><\/div>\n<p style=\"text-align: center;\"><strong>FOTOSS\u00cdNTESE<\/strong><\/p>\n<p>Aniversariando na sexta-feira, 7, a bonita jornalista do Sircom, Rafaela Frutuoso.<\/p>\n<p>Com estandes montados no Terrazzo Centro de Eventos superlotados o 17\u00ba Super Encontro Varejista (Sevar) foi encerrado com muitos aplausos para a Associa\u00e7\u00e3o Mineira de Supermercados (AMIS).<\/p>\n<p>Estiveram em Buenos Aires curtindo as del\u00edcias de lugares e restaurantes na Argentina, os queridos Celinho Vidal, Aline Bastos, Em\u00edlio Aleixo, Fabiana Mendes, Tiza Machado e Paula Banhato.<\/p>\n<p>Com refinamento peculiar Roberto Trevizane (Bob) recebeu para open-house no bonito apartamento da rua Santo Ant\u00f4nio. M\u00fasica, drinques e petiscos embalaram os convidados Vera Marocolo, Beto Souza, Rafael Oliveira, Bruno (Ksuco) Ribeiro do Valle, Adriana Hubner, T\u00e2nia Gon\u00e7alves, Erika Beire e este colunista.<\/p>\n<p>Com sua energia e repert\u00f3rio alto astral, o Duotrio Ibitipoca ser\u00e1 atra\u00e7\u00e3o de s\u00e1bado, 22 de setembro, na programa\u00e7\u00e3o do Festival Gastron\u00f4mico Sabores da Serra, em Concei\u00e7\u00e3o do Ibitipoca.<\/p>\n<p>Direto do Parque dos Sabi\u00e1s em Matias Barbosa vai acontecer, em 7 de setembro, a 2\u00aa Corrida Speed Power\u2019s. Al\u00e9m da premia\u00e7\u00e3o geral, haver\u00e1 trof\u00e9us para os tr\u00eas primeiros colocados na faixa et\u00e1ria.<\/p>\n<p>Aniversariando em 7 de setembro, o estimado Luis Mauro Fernandes. Parab\u00e9ns.<\/p>\n<p>Para o dia 15 de setembro, de 8h \u00e0s 20h, vai acontecer a 9\u00aa edi\u00e7\u00e3o 2018 da Maratona Aqu\u00e1tica, no Sesi da Av. Brasil, 3357. S\u00e3o 12 horas nadando muito.<\/p>\n<p>Para os dias 22 e 23 de setembro, no Aeroporto da Serrinha, acontece a 6\u00aa edi\u00e7\u00e3o do JF Harley Owners Days, com previs\u00e3o de reunir quatro mil motos. A coordena\u00e7\u00e3o \u00e9 de Edinho Coimbra.<\/p>\n<p>No Cultural o s\u00e1bado 8 de setembro ser\u00e1 com puro rock e pop com o show \u201cTributo ao Mamonas Assassinas\u201d.<\/p>\n<p>Dica para o feriado: Curtir o Restaurante Cantinho da Cachoeira, em Torre\u00f5es.<\/p>\n<p>Para ouvir atr\u00e1s da porta: \u201cA liberdade nos permite sermos s\u00e1bios, mas n\u00e3o podemos saber sabedoria. Devemos ser sabedoria\u201d (Baba Ram Dass). Bom dia.<\/p>\n<p>&nbsp;<\/p>\n","protected":false},"excerpt":{"rendered":"<p>Arte Devido ao grande sucesso do Espa\u00e7o do Artista, o Independ\u00eancia Shopping continua a comemora\u00e7\u00e3o de seus 10 anos dando representatividade e abrindo as portas para artista locais exporem suas obras. Uma forma de aproximar os frequentadores com as artes pl\u00e1sticas, incentivar e expor o trabalho dos profissionais locais. Dando continuidade ao projeto, a terceira [&hellip;]<\/p>\n","protected":false},"author":96,"featured_media":118021,"comment_status":"closed","ping_status":"closed","sticky":false,"template":"","format":"standard","meta":{"footnotes":""},"categories":[264],"tags":[],"class_list":["post-118063","post","type-post","status-publish","format-standard","has-post-thumbnail","hentry","category-eduardo-gomes"],"_links":{"self":[{"href":"https:\/\/diarioregionaldigital.com.br\/index.php?rest_route=\/wp\/v2\/posts\/118063","targetHints":{"allow":["GET"]}}],"collection":[{"href":"https:\/\/diarioregionaldigital.com.br\/index.php?rest_route=\/wp\/v2\/posts"}],"about":[{"href":"https:\/\/diarioregionaldigital.com.br\/index.php?rest_route=\/wp\/v2\/types\/post"}],"author":[{"embeddable":true,"href":"https:\/\/diarioregionaldigital.com.br\/index.php?rest_route=\/wp\/v2\/users\/96"}],"replies":[{"embeddable":true,"href":"https:\/\/diarioregionaldigital.com.br\/index.php?rest_route=%2Fwp%2Fv2%2Fcomments&post=118063"}],"version-history":[{"count":0,"href":"https:\/\/diarioregionaldigital.com.br\/index.php?rest_route=\/wp\/v2\/posts\/118063\/revisions"}],"wp:featuredmedia":[{"embeddable":true,"href":"https:\/\/diarioregionaldigital.com.br\/index.php?rest_route=\/wp\/v2\/media\/118021"}],"wp:attachment":[{"href":"https:\/\/diarioregionaldigital.com.br\/index.php?rest_route=%2Fwp%2Fv2%2Fmedia&parent=118063"}],"wp:term":[{"taxonomy":"category","embeddable":true,"href":"https:\/\/diarioregionaldigital.com.br\/index.php?rest_route=%2Fwp%2Fv2%2Fcategories&post=118063"},{"taxonomy":"post_tag","embeddable":true,"href":"https:\/\/diarioregionaldigital.com.br\/index.php?rest_route=%2Fwp%2Fv2%2Ftags&post=118063"}],"curies":[{"name":"wp","href":"https:\/\/api.w.org\/{rel}","templated":true}]}}