{"id":118008,"date":"2018-09-06T20:00:19","date_gmt":"2018-09-06T23:00:19","guid":{"rendered":"https:\/\/diarioregionaldigital.com.br\/?p=118008"},"modified":"2018-09-06T20:02:37","modified_gmt":"2018-09-06T23:02:37","slug":"bolsonaro-e-atingido-com-golpe-no-abdomen","status":"publish","type":"post","link":"https:\/\/diarioregionaldigital.com.br\/?p=118008","title":{"rendered":"Bolsonaro \u00e9 atingido com golpe no abd\u00f4men"},"content":{"rendered":"<p><em><span style=\"font-size: 10pt;\">Por: Caroline Delgado e S\u00e1vio Duque<\/span><\/em><\/p>\n<p>Cumprindo agenda em Juiz de Fora, na tarde desta quinta-feira, 6, o candidato \u00e0 presid\u00eancia Jair Bolsonaro\u00a0(PSL) realizava um ato no Cal\u00e7ad\u00e3o da Rua Halfeld, no Centro da cidade, quando foi atingido com um golpe de faca, em meio a multid\u00e3o. O candidato era carregado pelos apoiadores quando um homem se aproximou e o atingiu no abd\u00f4men, como mostra o v\u00eddeo abaixo.<\/p>\n<div style=\"width: 848px;\" class=\"wp-video\"><!--[if lt IE 9]><script>document.createElement('video');<\/script><![endif]-->\n<video class=\"wp-video-shortcode\" id=\"video-118008-1\" width=\"848\" height=\"480\" preload=\"metadata\" controls=\"controls\"><source type=\"video\/mp4\" src=\"https:\/\/diarioregionaldigital.com.br\/wp-content\/uploads\/2018\/09\/WhatsApp-Video-2018-09-06-at-16.09.59.mp4?_=1\" \/><a href=\"https:\/\/diarioregionaldigital.com.br\/wp-content\/uploads\/2018\/09\/WhatsApp-Video-2018-09-06-at-16.09.59.mp4\">https:\/\/diarioregionaldigital.com.br\/wp-content\/uploads\/2018\/09\/WhatsApp-Video-2018-09-06-at-16.09.59.mp4<\/a><\/video><\/div>\n<p>&nbsp;<\/p>\n<p>Segundo o\u00a0Tenente Marco Ant\u00f4nio de Oliveira, o autor do crime Ad\u00e9lio Bispo de Oliveira, 40 anos, morador de Montes Claros, contou a pol\u00edcia que atacou o candidato por discordar das id\u00e9ias do pol\u00edtico, n\u00e3o tendo liga\u00e7\u00e3o partid\u00e1ria. Ele foi capturado por populares ap\u00f3s a a\u00e7\u00e3o. Em seguida, militares que faziam a seguran\u00e7a do evento capturaram o suspeito. Ainda de acordo com o Tenente, o agressor sofreu diversos ferimentos. Ad\u00e9lio foi levado para a Delegacia de Pol\u00edcia Federal.<\/p>\n<div id=\"attachment_118051\" style=\"width: 388px\" class=\"wp-caption aligncenter\"><img loading=\"lazy\" decoding=\"async\" aria-describedby=\"caption-attachment-118051\" class=\"wp-image-118051 \" src=\"https:\/\/diarioregionaldigital.com.br\/wp-content\/uploads\/2018\/09\/WhatsApp-Image-2018-09-06-at-17.53.19.jpeg\" alt=\"\" width=\"378\" height=\"381\" srcset=\"https:\/\/diarioregionaldigital.com.br\/wp-content\/uploads\/2018\/09\/WhatsApp-Image-2018-09-06-at-17.53.19.jpeg 640w, https:\/\/diarioregionaldigital.com.br\/wp-content\/uploads\/2018\/09\/WhatsApp-Image-2018-09-06-at-17.53.19-150x150.jpeg 150w, https:\/\/diarioregionaldigital.com.br\/wp-content\/uploads\/2018\/09\/WhatsApp-Image-2018-09-06-at-17.53.19-298x300.jpeg 298w, https:\/\/diarioregionaldigital.com.br\/wp-content\/uploads\/2018\/09\/WhatsApp-Image-2018-09-06-at-17.53.19-180x180.jpeg 180w, https:\/\/diarioregionaldigital.com.br\/wp-content\/uploads\/2018\/09\/WhatsApp-Image-2018-09-06-at-17.53.19-120x120.jpeg 120w, https:\/\/diarioregionaldigital.com.br\/wp-content\/uploads\/2018\/09\/WhatsApp-Image-2018-09-06-at-17.53.19-360x363.jpeg 360w, https:\/\/diarioregionaldigital.com.br\/wp-content\/uploads\/2018\/09\/WhatsApp-Image-2018-09-06-at-17.53.19-80x80.jpeg 80w\" sizes=\"auto, (max-width: 378px) 100vw, 378px\" \/><p id=\"caption-attachment-118051\" class=\"wp-caption-text\">Arma utilizada pelo autor para desferir o golpe em Jair Bolsonaro.<\/p><\/div>\n<p>&nbsp;<\/p>\n<p>Bolsonaro foi encaminhado para o Hospital\u00a0Santa Casa de Miseric\u00f3rdia de Juiz de Fora, que se pronunciou atrav\u00e9s de uma nota \u00e0 imprensa.<\/p>\n<blockquote><p><em>&#8220;O paciente Jair Messias Bolsonaro deu entrada no hospital por volta das 15h40 com uma les\u00e3o por material perfurocortante na regi\u00e3o do abd\u00f4men. Ele foi atendido na urg\u00eancia, passou por um exame de ultrassonografia e agora est\u00e1 no Centro Cir\u00fargico&#8221;.<\/em><\/p><\/blockquote>\n<p>A Assessoria de Jair Bolsonaro informou que a agenda do candidato foi cancelada. Ele estaria no Rio de Janeiro, nesta sexta-feira,7, onde participaria do Desfile C\u00edvico.<\/p>\n<p>O Deputado Fl\u00e1vio Bolsonaro, filho do candidato, usou as redes sociais para comunicar os seguidores a situa\u00e7\u00e3o do pai.<\/p>\n<p><a href=\"https:\/\/twitter.com\/FlavioBolsonaro\/status\/1037808900660256773\"><img loading=\"lazy\" decoding=\"async\" class=\"aligncenter size-full wp-image-118036\" src=\"https:\/\/diarioregionaldigital.com.br\/wp-content\/uploads\/2018\/09\/Sem-t\u00edtulo.png\" alt=\"\" width=\"600\" height=\"273\" srcset=\"https:\/\/diarioregionaldigital.com.br\/wp-content\/uploads\/2018\/09\/Sem-t\u00edtulo.png 600w, https:\/\/diarioregionaldigital.com.br\/wp-content\/uploads\/2018\/09\/Sem-t\u00edtulo-300x137.png 300w, https:\/\/diarioregionaldigital.com.br\/wp-content\/uploads\/2018\/09\/Sem-t\u00edtulo-360x164.png 360w\" sizes=\"auto, (max-width: 600px) 100vw, 600px\" \/><\/a><\/p>\n<p>&nbsp;<\/p>\n<p><strong><span style=\"font-size: 18pt;\">PREFEITO DE JUIZ DE FORA LAMENTA O OCORRIDO<\/span><\/strong><\/p>\n<blockquote><p><em>\u201cAtos como esse contrastam com a hist\u00f3ria democr\u00e1tica da cidade e com a tradi\u00e7\u00e3o sempre acolhedora e respeitosa da nossa popula\u00e7\u00e3o\u201d, Ant\u00f4nio Almas.<\/em><\/p><\/blockquote>\n<p><strong><span style=\"font-size: 18pt;\">PF INSTAURA INQU\u00c9RITO PARA APURAR ATAQUE<\/span> <\/strong><\/p>\n<p>A Pol\u00edcia Federal informou que o candidato \u00e0 Presid\u00eancia da Rep\u00fablica Jair Messias Bolsonaro contava com a escolta de policiais federais quando foi atingido por uma faca durante um ato p\u00fablico em Juiz de Fora.\u00a0O agressor foi preso em flagrante e conduzido para a Delegacia da Pol\u00edcia Federal na cidade. Foi instaurado inqu\u00e9rito policial para apurar as circunst\u00e2ncias do fato.<\/p>\n<p>&nbsp;<\/p>\n<p><strong><span style=\"font-size: 10pt;\">*Atualizada \u00e0s 19h<\/span><\/strong><\/p>\n","protected":false},"excerpt":{"rendered":"<p>Por: Caroline Delgado e S\u00e1vio Duque Cumprindo agenda em Juiz de Fora, na tarde desta quinta-feira, 6, o candidato \u00e0 presid\u00eancia Jair Bolsonaro\u00a0(PSL) realizava um ato no Cal\u00e7ad\u00e3o da Rua Halfeld, no Centro da cidade, quando foi atingido com um golpe de faca, em meio a multid\u00e3o. O candidato era carregado pelos apoiadores quando um [&hellip;]<\/p>\n","protected":false},"author":96,"featured_media":118015,"comment_status":"closed","ping_status":"closed","sticky":false,"template":"","format":"standard","meta":{"footnotes":""},"categories":[253,440,439],"tags":[1202,1201,1200,312],"class_list":["post-118008","post","type-post","status-publish","format-standard","has-post-thumbnail","hentry","category-cidade","category-destaques-do-dia","category-ultima-hora","tag-faca","tag-golpe","tag-jair-bolsonaro","tag-juiz-de-fora"],"_links":{"self":[{"href":"https:\/\/diarioregionaldigital.com.br\/index.php?rest_route=\/wp\/v2\/posts\/118008","targetHints":{"allow":["GET"]}}],"collection":[{"href":"https:\/\/diarioregionaldigital.com.br\/index.php?rest_route=\/wp\/v2\/posts"}],"about":[{"href":"https:\/\/diarioregionaldigital.com.br\/index.php?rest_route=\/wp\/v2\/types\/post"}],"author":[{"embeddable":true,"href":"https:\/\/diarioregionaldigital.com.br\/index.php?rest_route=\/wp\/v2\/users\/96"}],"replies":[{"embeddable":true,"href":"https:\/\/diarioregionaldigital.com.br\/index.php?rest_route=%2Fwp%2Fv2%2Fcomments&post=118008"}],"version-history":[{"count":0,"href":"https:\/\/diarioregionaldigital.com.br\/index.php?rest_route=\/wp\/v2\/posts\/118008\/revisions"}],"wp:featuredmedia":[{"embeddable":true,"href":"https:\/\/diarioregionaldigital.com.br\/index.php?rest_route=\/wp\/v2\/media\/118015"}],"wp:attachment":[{"href":"https:\/\/diarioregionaldigital.com.br\/index.php?rest_route=%2Fwp%2Fv2%2Fmedia&parent=118008"}],"wp:term":[{"taxonomy":"category","embeddable":true,"href":"https:\/\/diarioregionaldigital.com.br\/index.php?rest_route=%2Fwp%2Fv2%2Fcategories&post=118008"},{"taxonomy":"post_tag","embeddable":true,"href":"https:\/\/diarioregionaldigital.com.br\/index.php?rest_route=%2Fwp%2Fv2%2Ftags&post=118008"}],"curies":[{"name":"wp","href":"https:\/\/api.w.org\/{rel}","templated":true}]}}