{"id":117932,"date":"2018-09-06T09:17:08","date_gmt":"2018-09-06T12:17:08","guid":{"rendered":"https:\/\/diarioregionaldigital.com.br\/?p=117932"},"modified":"2018-09-06T09:17:08","modified_gmt":"2018-09-06T12:17:08","slug":"motociclista-bate-de-frente-em-container-e-fica-gravemente-ferido-em-sao-joao-del-rei","status":"publish","type":"post","link":"https:\/\/diarioregionaldigital.com.br\/?p=117932","title":{"rendered":"Motociclista bate de frente em container e fica gravemente ferido em S\u00e3o Jo\u00e3o Del Rei"},"content":{"rendered":"<p>Em S\u00e3o Jo\u00e3o del-Rei, na noite de quarta-feira, 05, um motociclista de 21 anos ficou gravemente ferido depois de bater de frente em um container. Quando os Bombeiros chegaram para o socorro, a v\u00edtima estava inconsciente, sangrava muito, al\u00e9m de apresentar trauma de face e escoria\u00e7\u00f5es no peito e no abd\u00f4men.<\/p>\n<p>A motocicleta ficou bastante danificada. O fato do motociclista estar usando capacete evitou consequ\u00eancias mais graves. Ele foi socorrido e encaminhado \u00e0 UPA de SJDR<\/p>\n<p>&nbsp;<\/p>\n<p>Fonte: Barbacena Online<\/p>\n<p>&nbsp;<\/p>\n","protected":false},"excerpt":{"rendered":"<p>Em S\u00e3o Jo\u00e3o del-Rei, na noite de quarta-feira, 05, um motociclista de 21 anos ficou gravemente ferido depois de bater de frente em um container. Quando os Bombeiros chegaram para o socorro, a v\u00edtima estava inconsciente, sangrava muito, al\u00e9m de apresentar trauma de face e escoria\u00e7\u00f5es no peito e no abd\u00f4men. A motocicleta ficou bastante [&hellip;]<\/p>\n","protected":false},"author":96,"featured_media":95105,"comment_status":"closed","ping_status":"closed","sticky":false,"template":"","format":"standard","meta":{"footnotes":""},"categories":[252,439],"tags":[],"class_list":["post-117932","post","type-post","status-publish","format-standard","has-post-thumbnail","hentry","category-regiao","category-ultima-hora"],"_links":{"self":[{"href":"https:\/\/diarioregionaldigital.com.br\/index.php?rest_route=\/wp\/v2\/posts\/117932","targetHints":{"allow":["GET"]}}],"collection":[{"href":"https:\/\/diarioregionaldigital.com.br\/index.php?rest_route=\/wp\/v2\/posts"}],"about":[{"href":"https:\/\/diarioregionaldigital.com.br\/index.php?rest_route=\/wp\/v2\/types\/post"}],"author":[{"embeddable":true,"href":"https:\/\/diarioregionaldigital.com.br\/index.php?rest_route=\/wp\/v2\/users\/96"}],"replies":[{"embeddable":true,"href":"https:\/\/diarioregionaldigital.com.br\/index.php?rest_route=%2Fwp%2Fv2%2Fcomments&post=117932"}],"version-history":[{"count":0,"href":"https:\/\/diarioregionaldigital.com.br\/index.php?rest_route=\/wp\/v2\/posts\/117932\/revisions"}],"wp:featuredmedia":[{"embeddable":true,"href":"https:\/\/diarioregionaldigital.com.br\/index.php?rest_route=\/wp\/v2\/media\/95105"}],"wp:attachment":[{"href":"https:\/\/diarioregionaldigital.com.br\/index.php?rest_route=%2Fwp%2Fv2%2Fmedia&parent=117932"}],"wp:term":[{"taxonomy":"category","embeddable":true,"href":"https:\/\/diarioregionaldigital.com.br\/index.php?rest_route=%2Fwp%2Fv2%2Fcategories&post=117932"},{"taxonomy":"post_tag","embeddable":true,"href":"https:\/\/diarioregionaldigital.com.br\/index.php?rest_route=%2Fwp%2Fv2%2Ftags&post=117932"}],"curies":[{"name":"wp","href":"https:\/\/api.w.org\/{rel}","templated":true}]}}