{"id":117930,"date":"2018-09-06T09:11:16","date_gmt":"2018-09-06T12:11:16","guid":{"rendered":"https:\/\/diarioregionaldigital.com.br\/?p=117930"},"modified":"2018-09-06T09:11:16","modified_gmt":"2018-09-06T12:11:16","slug":"acidente-em-guarara-envolve-tres-veiculos-e-deixa-quatro-feridos","status":"publish","type":"post","link":"https:\/\/diarioregionaldigital.com.br\/?p=117930","title":{"rendered":"Acidente em Guarar\u00e1 envolve tr\u00eas ve\u00edculos e deixa quatro feridos"},"content":{"rendered":"<p>Tr\u00eas ve\u00edculos se envolveram em um acidente no final da tarde desta quarta-feira, 05, na BR-267, no munic\u00edpio de Guarar\u00e1 (80 km de Cataguases). Dois caminh\u00f5es e um Ford Ka, que estava com quatro pessoas no seu interior colidiram cerca de dois quil\u00f4metros ap\u00f3s o trevo de entrada daquela cidade, sentido Marip\u00e1 de Minas.<\/p>\n<p>Segundo a Pol\u00edcia Militar que fez o primeiro atendimento at\u00e9 a chegada da Pol\u00edcia Militar Rodovi\u00e1ria, os motoristas dos caminh\u00f5es nada sofreram e os ocupantes do carro de passeio foram levados para o Hospital S\u00e3o Jos\u00e9 de Bicas, onde est\u00e3o internados em observa\u00e7\u00e3o, ap\u00f3s terem sido socorridos por uma equipe do Servi\u00e7o de Atendimento M\u00e9dico de Urg\u00eancia &#8211; SAMU.<\/p>\n<p>De acordo com informa\u00e7\u00f5es preliminares obtidas junto aos profissionais que atuaram no atendimento \u00e0s vitimas, o acidente pode ter sido provocado por causa da fuma\u00e7a de uma queimada \u00e0s margens da rodovia, que teria dificultado a visibilidade no local. Um dos caminh\u00f5es e o carro teriam colidido frontalmente e segundo caminh\u00e3o, que vinha logo atr\u00e1s, n\u00e3o teve como frear e evitar a colis\u00e3o.<\/p>\n<p>O tr\u00e2nsito ficou temporariamente interrompido na rodovia, mas os ve\u00edculos conseguiam passar por um acesso prec\u00e1rio em uma estrada vicinal nas imedia\u00e7\u00f5es.<\/p>\n<p>Fonte: Rep\u00f3rter Kadu Fontana<\/p>\n","protected":false},"excerpt":{"rendered":"<p>Tr\u00eas ve\u00edculos se envolveram em um acidente no final da tarde desta quarta-feira, 05, na BR-267, no munic\u00edpio de Guarar\u00e1 (80 km de Cataguases). Dois caminh\u00f5es e um Ford Ka, que estava com quatro pessoas no seu interior colidiram cerca de dois quil\u00f4metros ap\u00f3s o trevo de entrada daquela cidade, sentido Marip\u00e1 de Minas. Segundo [&hellip;]<\/p>\n","protected":false},"author":96,"featured_media":95105,"comment_status":"closed","ping_status":"closed","sticky":false,"template":"","format":"standard","meta":{"footnotes":""},"categories":[252,439],"tags":[],"class_list":["post-117930","post","type-post","status-publish","format-standard","has-post-thumbnail","hentry","category-regiao","category-ultima-hora"],"_links":{"self":[{"href":"https:\/\/diarioregionaldigital.com.br\/index.php?rest_route=\/wp\/v2\/posts\/117930","targetHints":{"allow":["GET"]}}],"collection":[{"href":"https:\/\/diarioregionaldigital.com.br\/index.php?rest_route=\/wp\/v2\/posts"}],"about":[{"href":"https:\/\/diarioregionaldigital.com.br\/index.php?rest_route=\/wp\/v2\/types\/post"}],"author":[{"embeddable":true,"href":"https:\/\/diarioregionaldigital.com.br\/index.php?rest_route=\/wp\/v2\/users\/96"}],"replies":[{"embeddable":true,"href":"https:\/\/diarioregionaldigital.com.br\/index.php?rest_route=%2Fwp%2Fv2%2Fcomments&post=117930"}],"version-history":[{"count":0,"href":"https:\/\/diarioregionaldigital.com.br\/index.php?rest_route=\/wp\/v2\/posts\/117930\/revisions"}],"wp:featuredmedia":[{"embeddable":true,"href":"https:\/\/diarioregionaldigital.com.br\/index.php?rest_route=\/wp\/v2\/media\/95105"}],"wp:attachment":[{"href":"https:\/\/diarioregionaldigital.com.br\/index.php?rest_route=%2Fwp%2Fv2%2Fmedia&parent=117930"}],"wp:term":[{"taxonomy":"category","embeddable":true,"href":"https:\/\/diarioregionaldigital.com.br\/index.php?rest_route=%2Fwp%2Fv2%2Fcategories&post=117930"},{"taxonomy":"post_tag","embeddable":true,"href":"https:\/\/diarioregionaldigital.com.br\/index.php?rest_route=%2Fwp%2Fv2%2Ftags&post=117930"}],"curies":[{"name":"wp","href":"https:\/\/api.w.org\/{rel}","templated":true}]}}