{"id":117918,"date":"2018-09-06T08:43:00","date_gmt":"2018-09-06T11:43:00","guid":{"rendered":"https:\/\/diarioregionaldigital.com.br\/?p=117918"},"modified":"2018-09-06T08:43:00","modified_gmt":"2018-09-06T11:43:00","slug":"ufjf-abre-189-vagas-para-mestrado-e-doutorado","status":"publish","type":"post","link":"https:\/\/diarioregionaldigital.com.br\/?p=117918","title":{"rendered":"UFJF abre 189 vagas para mestrado e doutorado"},"content":{"rendered":"<p>Seis programas de p\u00f3s-gradua\u00e7\u00e3o da Universidade Federal de Juiz de Fora (UFJF) est\u00e3o com inscri\u00e7\u00f5es abertas para o ingresso em 2019. Ser\u00e3o oferecidas 189 vagas gratuitas para mestrado e doutorado, distribu\u00eddas pelos programas em Artes, Cultura e Linguagens, Economia, Educa\u00e7\u00e3o, Hist\u00f3ria, Letras e Lingu\u00edstica.<\/p>\n<p><b>P\u00f3s-Gradua\u00e7\u00e3o em Artes, Cultura e Linguagens<\/b><\/p>\n<p>O Programa de P\u00f3s-Gradua\u00e7\u00e3o em Artes, Cultura e Linguagens est\u00e1 com as inscri\u00e7\u00f5es abertas at\u00e9 dia 10 de setembro, sendo oferecidas 20 vagas para o mestrado. O programa est\u00e1 organizado em tr\u00eas linhas de pesquisa \u2013 Arte, Moda: Hist\u00f3ria e Cultura, Cinema e Audiovisual e Estudos Interartes e M\u00fasica, reunidas na \u00e1rea de concentra\u00e7\u00e3o Teorias e Processos Po\u00e9ticos Interdisciplinares.<\/p>\n<p>Podem participar do processo pessoas graduadas em qualquer \u00e1rea de conhecimento, em\u00a0curso superior credenciado e reconhecido pelo Minist\u00e9rio da Educa\u00e7\u00e3o e graduandos que \u00a0tenham a data definida para a cola\u00e7\u00e3o de grau, anterior \u00e0 data de matr\u00edcula do mestrado.<\/p>\n<p>Os interessados devem se inscrever on-line, <a href=\"http:\/\/sigam2.ufjf.br\/index.php\/siga\/eventos\/menuinscricao\/main\/303\" target=\"_blank\" rel=\"noopener\">preenchendo o formul\u00e1rio<\/a>. N\u00e3o ser\u00e3o aceitas inscri\u00e7\u00f5es presenciais, por correspond\u00eancia ou fora do prazo. Os documentos exigidos devem ser enviados eletronicamente, em formato PDF. A documenta\u00e7\u00e3o completa e todas as etapas da sele\u00e7\u00e3o podem ser conferidas no <a href=\"http:\/\/www.ufjf.br\/ppgacl\/files\/2018\/07\/Edital-mestrado-turma-2019.pdf\" target=\"_blank\" rel=\"noopener\">edital.<\/a> Outras informa\u00e7\u00f5es: (32) 2102-3362 ouppg.acl@ufjf.edu.br.<\/p>\n<p><b>Programa de P\u00f3s-Gradua\u00e7\u00e3o em Economia<\/b><\/p>\n<p>A Faculdade de Economia por meio do seu programa de p\u00f3s-gradua\u00e7\u00e3o est\u00e1 oferecendo oito vagas para o doutorado na \u00e1rea, sendo duas vagas destinadas a estrangeiros. As inscri\u00e7\u00f5es podem ser feitas at\u00e9 o dia 30 de outubro, com o <a href=\"https:\/\/siga2.ufjf.br\/index.php?module=evento&amp;action=inscricao&amp;idEvento=509#1535985217251\" target=\"_blank\" rel=\"noopener\">preenchimento da ficha de inscri\u00e7\u00e3o<\/a> via internet.<\/p>\n<p>Ap\u00f3s a inscri\u00e7\u00e3o on-line, o candidato deve imprimir e assinar a p\u00e1gina de inscri\u00e7\u00e3o gerada no site e envi\u00e1-la pelo Correio (por meio de carta registrada ou Sedex, com data de envio de at\u00e9 30 de outubro) ou entreg\u00e1-la pessoalmente na Secretaria do Programa de P\u00f3s-Gradua\u00e7\u00e3o em Economia at\u00e9 a mesma data, acompanhada da c\u00f3pia do comprovante de pagamento da inscri\u00e7\u00e3o e dos documentos solicitados.<\/p>\n<p>A documenta\u00e7\u00e3o integral e todas as partes do processo pode ser conferidas no <a href=\"http:\/\/www.ufjf.br\/poseconomia\/files\/2018\/06\/Doutorado-2019.pdf\" target=\"_blank\" rel=\"noopener\">edital<\/a>. Outras informa\u00e7\u00f5es: (32) 2102-3543 ou secretariapos.economia@ufjf.edu.br.<\/p>\n<p><b>Programa de P\u00f3s-Gradua\u00e7\u00e3o em Educa\u00e7\u00e3o<\/b><\/p>\n<p>O Programa de P\u00f3s-Gradua\u00e7\u00e3o em Educa\u00e7\u00e3o oferece 58 vagas para mestrado e doutorado em tr\u00eas linhas de pesquisa: Trabalho, Estado e Movimentos Sociais, Linguagens, Culturas e Saberes, Discursos, Pr\u00e1ticas, Ideias, Subjetividades em Processos Educativos. Os interessados devem se inscrever at\u00e9 o dia 10 de setembro.<\/p>\n<p>A inscri\u00e7\u00e3o dever\u00e1 ser feita exclusivamente via internet, para <a href=\"http:\/\/sigam5.ufjf.br\/index.php\/siga\/eventos\/menuinscricao\/main\/308\" target=\"_blank\" rel=\"noopener\">mestrado <\/a>e para <a href=\"http:\/\/sigam5.ufjf.br\/index.php\/siga\/eventos\/menuinscricao\/main\/309\" target=\"_blank\" rel=\"noopener\">doutorado<\/a>. \u00c9 necess\u00e1rio anexar os documentos exigidos no cadastro on-line.<\/p>\n<p>Para acessar toda a documenta\u00e7\u00e3o e conhecer a sele\u00e7\u00e3o consulte o <a href=\"http:\/\/www.ufjf.br\/ppge\/files\/2018\/08\/EDITAL-VERS%C3%83O-FINAL-PROCESSO-SELETIVO-20198.pdf\">edital<\/a>. Outras informa\u00e7\u00f5es: processoseletivoppgeufjf@gmail.com ou (32) 2102-3665.<\/p>\n<p><b>Programa de P\u00f3s-Gradua\u00e7\u00e3o em Hist\u00f3ria<\/b><\/p>\n<p>O mestrado e o doutorado em Hist\u00f3ria disp\u00f5e de duas linhas de pesquisa \u2013 Narrativas Imagens e Sociabilidades e Poder, Mercado e Trabalho \u2013 com a \u00e1rea de concentra\u00e7\u00e3o em Hist\u00f3ria, Cultura e Poder. As inscri\u00e7\u00f5es devem ser feitas at\u00e9 dia 14 de setembro, <a href=\"https:\/\/sigam5.ufjf.br\/index.php\/siga\/eventos\/menuinscricao\/main\/264\" target=\"_blank\" rel=\"noopener\">on-line, com preenchimento de formul\u00e1rio<\/a> e anexa\u00e7\u00e3o de documentos.<\/p>\n<p>S\u00e3o oferecidas 20 vagas para o mestrado e 10 para o doutorado. O processo possui quatro etapas: avalia\u00e7\u00e3o do projeto de disserta\u00e7\u00e3o; prova escrita; prova escrita de sufici\u00eancia em l\u00edngua estrangeira; e entrevista. O resultado final ser\u00e1 divulgado dia 5 de dezembro.<\/p>\n<p>Os documentos necess\u00e1rios e os detalhes da sele\u00e7\u00e3o podem ser conferidos nos editais <a href=\"http:\/\/www.ufjf.br\/ppghistoria\/files\/2016\/04\/Edital-PPGHIS-Sele%C3%A7%C3%A3o-Mestrado-2019.pdf\" target=\"_blank\" rel=\"noopener\">para mestrado<\/a> e <a href=\"http:\/\/www.ufjf.br\/ppghistoria\/files\/2016\/04\/Edital-PPGHIS-Sele%C3%A7%C3%A3o-Doutorado-2019.pdf\" target=\"_blank\" rel=\"noopener\">para doutorado<\/a>. Outras informa\u00e7\u00f5es: posgraduacao.ich@ufjf.edu.br.<\/p>\n<p><b>Programa de P\u00f3s-Gradua\u00e7\u00e3o em Letras: Estudos Liter\u00e1rios<\/b><\/p>\n<p>O Programa de P\u00f3s-Gradua\u00e7\u00e3o em Letras: Estudos Liter\u00e1rios disponibiliza 23 vagas para mestrado e 23 para doutorado. As inscri\u00e7\u00f5es presenciais est\u00e3o abertas at\u00e9 o dia 28 de setembro e, via Sedex, at\u00e9 o dia 21. O programa conta com tr\u00eas linhas de pesquisa, \u2013 Literatura, Cr\u00edtica e Cultura; Literatura e Transdisciplinaridade; e Estudos Liter\u00e1rios Aplicados: Ensino, Tradu\u00e7\u00e3o e Escrita Criativa.<\/p>\n<p>A documenta\u00e7\u00e3o deve ser entregue na secretaria do programa, onde tamb\u00e9m ser\u00e3o feitas as inscri\u00e7\u00f5es presenciais, de segunda-feira a sexta-feira, das 9h \u00e0s 12h e das 14h \u00e0s 16h. Os documentos necess\u00e1rios e todas as etapas da sele\u00e7\u00e3o podem ser vistos nos editais: <a href=\"http:\/\/www.ufjf.br\/ppgletras\/files\/2018\/08\/Edital-Mestrado-2019-11.pdf\" target=\"_blank\" rel=\"noopener\">mestrado<\/a> e <a href=\"http:\/\/www.ufjf.br\/ppgletras\/files\/2018\/08\/Edital-Doutorado-2019-11.pdf\">doutorado.<\/a>\u00a0Outras informa\u00e7\u00f5es: ppg.letras@ufjf.edu.br.<\/p>\n<p><b>Programa de P\u00f3s-Gradua\u00e7\u00e3o em Lingu\u00edstica<\/b><\/p>\n<p>O Programa de P\u00f3s-Gradua\u00e7\u00e3o em Lingu\u00edstica oferece 37 vagas, sendo 29 para o mestrado e oito para o doutorado. O processo cont\u00e9m duas linhas de pesquisa \u2013 \u201cLingu\u00edstica e Cogni\u00e7\u00e3o\u201d e \u201cLinguagem e Humanidades\u201d \u2013 e est\u00e1 com as inscri\u00e7\u00f5es abertas at\u00e9 o dia 30 de setembro.<\/p>\n<p>Os interessados devem se inscrever on-line por meio de formul\u00e1rio disponibilizado, sendo um para <a href=\"http:\/\/www.ufjf.br\/ppglinguistica\/processos-seletivos\/processos-seletivos-turma-2019\/formulario-de-inscricao-mestrado-turma-2019\/\" target=\"_blank\" rel=\"noopener\">mestrado<\/a> e outro para <a href=\"http:\/\/www.ufjf.br\/ppglinguistica\/processos-seletivos\/processos-seletivos-turma-2019\/formulario-de-inscricao-doutorado-turma-2019\/\" target=\"_blank\" rel=\"noopener\">doutorado<\/a>. Os documentos necess\u00e1rios precisam ser anexados, em formato PDF.<\/p>\n<p>Todas as informa\u00e7\u00f5es sobre a documenta\u00e7\u00e3o e sobre o processo podem ser obtidas nos editais: <a href=\"http:\/\/www.ufjf.br\/ppglinguistica\/files\/2018\/08\/Edital-Mestrado-2019.pdf\" target=\"_blank\" rel=\"noopener\">mestrado<\/a> e <a href=\"http:\/\/www.ufjf.br\/ppglinguistica\/files\/2018\/08\/Edital-Doutorado-20191.pdf\" target=\"_blank\" rel=\"noopener\">doutorado.<\/a> Outras informa\u00e7\u00f5es: (32) 2102-3134 ou ppg.linguistica@ufjf.edu.br.<\/p>\n<p>&nbsp;<\/p>\n<p>Fonte: Assessoria UFJF<\/p>\n","protected":false},"excerpt":{"rendered":"<p>Seis programas de p\u00f3s-gradua\u00e7\u00e3o da Universidade Federal de Juiz de Fora (UFJF) est\u00e3o com inscri\u00e7\u00f5es abertas para o ingresso em 2019. Ser\u00e3o oferecidas 189 vagas gratuitas para mestrado e doutorado, distribu\u00eddas pelos programas em Artes, Cultura e Linguagens, Economia, Educa\u00e7\u00e3o, Hist\u00f3ria, Letras e Lingu\u00edstica. P\u00f3s-Gradua\u00e7\u00e3o em Artes, Cultura e Linguagens O Programa de P\u00f3s-Gradua\u00e7\u00e3o em [&hellip;]<\/p>\n","protected":false},"author":96,"featured_media":112595,"comment_status":"closed","ping_status":"closed","sticky":false,"template":"","format":"standard","meta":{"footnotes":""},"categories":[253,436,439],"tags":[],"class_list":["post-117918","post","type-post","status-publish","format-standard","has-post-thumbnail","hentry","category-cidade","category-destaque-da-semana","category-ultima-hora"],"_links":{"self":[{"href":"https:\/\/diarioregionaldigital.com.br\/index.php?rest_route=\/wp\/v2\/posts\/117918","targetHints":{"allow":["GET"]}}],"collection":[{"href":"https:\/\/diarioregionaldigital.com.br\/index.php?rest_route=\/wp\/v2\/posts"}],"about":[{"href":"https:\/\/diarioregionaldigital.com.br\/index.php?rest_route=\/wp\/v2\/types\/post"}],"author":[{"embeddable":true,"href":"https:\/\/diarioregionaldigital.com.br\/index.php?rest_route=\/wp\/v2\/users\/96"}],"replies":[{"embeddable":true,"href":"https:\/\/diarioregionaldigital.com.br\/index.php?rest_route=%2Fwp%2Fv2%2Fcomments&post=117918"}],"version-history":[{"count":0,"href":"https:\/\/diarioregionaldigital.com.br\/index.php?rest_route=\/wp\/v2\/posts\/117918\/revisions"}],"wp:featuredmedia":[{"embeddable":true,"href":"https:\/\/diarioregionaldigital.com.br\/index.php?rest_route=\/wp\/v2\/media\/112595"}],"wp:attachment":[{"href":"https:\/\/diarioregionaldigital.com.br\/index.php?rest_route=%2Fwp%2Fv2%2Fmedia&parent=117918"}],"wp:term":[{"taxonomy":"category","embeddable":true,"href":"https:\/\/diarioregionaldigital.com.br\/index.php?rest_route=%2Fwp%2Fv2%2Fcategories&post=117918"},{"taxonomy":"post_tag","embeddable":true,"href":"https:\/\/diarioregionaldigital.com.br\/index.php?rest_route=%2Fwp%2Fv2%2Ftags&post=117918"}],"curies":[{"name":"wp","href":"https:\/\/api.w.org\/{rel}","templated":true}]}}