{"id":117912,"date":"2018-09-06T08:27:25","date_gmt":"2018-09-06T11:27:25","guid":{"rendered":"https:\/\/diarioregionaldigital.com.br\/?p=117912"},"modified":"2018-09-06T08:30:12","modified_gmt":"2018-09-06T11:30:12","slug":"jovens-sao-vitimas-de-tentativa-de-homicidio-no-bairro-ipiranga","status":"publish","type":"post","link":"https:\/\/diarioregionaldigital.com.br\/?p=117912","title":{"rendered":"Jovens s\u00e3o v\u00edtimas de tentativa de homic\u00eddio no bairro Ipiranga"},"content":{"rendered":"<p>Na madruga desta quinta-feira, 6, um menor, de 17 anos, e um jovem, de 18 anos, sofreram uma tentativa de homic\u00eddio na Rua Itibiguaia, no bairro Ipiranga, na zona Sul de Juiz de Fora.<\/p>\n<p>Por volta das 2h, os dois estavam parados na via, conversando, quando um homem apareceu, sacou uma arma e efetuou cinco disparos em dire\u00e7\u00e3o \u00e0s v\u00edtimas. Segundo o registro de ocorr\u00eancia da Pol\u00edcia Militar, uma das balas atingiu a m\u00e3o esquerda do jovem e duas o ombro direito e o antebra\u00e7o esquerdo do menor.<\/p>\n<p>Ap\u00f3s o crime, o autor fugiu a p\u00e9 e n\u00e3o foi encontrado pelos policiais militares. As v\u00edtimas foram socorridas e levadas para a Unidade de Pronto-Atendimento (UPA) do bairro Santa Luzia, tamb\u00e9m na zona Sul. De acordo com o boletim, elas est\u00e3o internadas para realizar cirurgia.<\/p>\n<p>&nbsp;<\/p>\n","protected":false},"excerpt":{"rendered":"<p>Na madruga desta quinta-feira, 6, um menor, de 17 anos, e um jovem, de 18 anos, sofreram uma tentativa de homic\u00eddio na Rua Itibiguaia, no bairro Ipiranga, na zona Sul de Juiz de Fora. Por volta das 2h, os dois estavam parados na via, conversando, quando um homem apareceu, sacou uma arma e efetuou cinco [&hellip;]<\/p>\n","protected":false},"author":96,"featured_media":95836,"comment_status":"closed","ping_status":"closed","sticky":false,"template":"","format":"standard","meta":{"footnotes":""},"categories":[301],"tags":[],"class_list":["post-117912","post","type-post","status-publish","format-standard","has-post-thumbnail","hentry","category-artigos-policiais"],"_links":{"self":[{"href":"https:\/\/diarioregionaldigital.com.br\/index.php?rest_route=\/wp\/v2\/posts\/117912","targetHints":{"allow":["GET"]}}],"collection":[{"href":"https:\/\/diarioregionaldigital.com.br\/index.php?rest_route=\/wp\/v2\/posts"}],"about":[{"href":"https:\/\/diarioregionaldigital.com.br\/index.php?rest_route=\/wp\/v2\/types\/post"}],"author":[{"embeddable":true,"href":"https:\/\/diarioregionaldigital.com.br\/index.php?rest_route=\/wp\/v2\/users\/96"}],"replies":[{"embeddable":true,"href":"https:\/\/diarioregionaldigital.com.br\/index.php?rest_route=%2Fwp%2Fv2%2Fcomments&post=117912"}],"version-history":[{"count":0,"href":"https:\/\/diarioregionaldigital.com.br\/index.php?rest_route=\/wp\/v2\/posts\/117912\/revisions"}],"wp:featuredmedia":[{"embeddable":true,"href":"https:\/\/diarioregionaldigital.com.br\/index.php?rest_route=\/wp\/v2\/media\/95836"}],"wp:attachment":[{"href":"https:\/\/diarioregionaldigital.com.br\/index.php?rest_route=%2Fwp%2Fv2%2Fmedia&parent=117912"}],"wp:term":[{"taxonomy":"category","embeddable":true,"href":"https:\/\/diarioregionaldigital.com.br\/index.php?rest_route=%2Fwp%2Fv2%2Fcategories&post=117912"},{"taxonomy":"post_tag","embeddable":true,"href":"https:\/\/diarioregionaldigital.com.br\/index.php?rest_route=%2Fwp%2Fv2%2Ftags&post=117912"}],"curies":[{"name":"wp","href":"https:\/\/api.w.org\/{rel}","templated":true}]}}