{"id":117911,"date":"2018-09-06T08:29:33","date_gmt":"2018-09-06T11:29:33","guid":{"rendered":"https:\/\/diarioregionaldigital.com.br\/?p=117911"},"modified":"2018-09-06T08:47:32","modified_gmt":"2018-09-06T11:47:32","slug":"desfile-civico-militar-na-avenida-rio-branco-comemora-196o-aniversario-da-independencia","status":"publish","type":"post","link":"https:\/\/diarioregionaldigital.com.br\/?p=117911","title":{"rendered":"Desfile c\u00edvico-militar na Avenida Rio Branco comemora 196\u00ba anivers\u00e1rio da Independ\u00eancia"},"content":{"rendered":"<p>Ser\u00e1 na sexta-feira, 7, na Avenida Rio Branco, o desfile de comemora\u00e7\u00e3o do 196\u00ba anivers\u00e1rio do \u201cDia da Independ\u00eancia\u201d do Brasil. A tradicional solenidade come\u00e7ar\u00e1 com apresenta\u00e7\u00e3o dos militares, a partir das 8h30, com previs\u00e3o de cinco mil participantes, e ter\u00e1 continuidade \u00e0s 9h30, com a participa\u00e7\u00e3o de cerca de 3.200 civis, representando escolas municipais (\u201cCamilo Guedes\u201d) e estaduais (\u201cPadre Frederico\u201d, \u201cDelfim Moreira\u201d e Instituto Estadual de Educa\u00e7\u00e3o), al\u00e9m de entidades profissionais e sociais. Entre elas, Uni\u00e3o dos Escoteiros do Brasil, Ordem De Molay, Amigos M\u00e3os Abertas (Ama), Sociedade de S\u00e3o Vicente de Paulo, Legi\u00e3o da Boa Vontade (LBV), Associa\u00e7\u00e3o de Prote\u00e7\u00e3o \u00e0 Guarda Mirim de Juiz de Fora, Clube dos Desbravadores e Aventureiros, Escola Adventista, Rotaract\/Interact, Banda Racional Universo em Desencanto e Moto Clube de Juiz de Fora.<\/p>\n<p><strong>Funcionamento da PJF no feriado<\/strong><\/p>\n<p>No feriado de sexta-feira, 7, Dia da Independ\u00eancia do Brasil, n\u00e3o haver\u00e1 expediente nos \u00f3rg\u00e3os da Prefeitura de Juiz de Fora (PJF), sendo mantidos os servi\u00e7os de plant\u00e3o. Veja como fica o funcionamento das reparti\u00e7\u00f5es municipais:<\/p>\n<p>Museu \u201cMariano Proc\u00f3pio\u201d: o parque e a galeria \u201cMaria Am\u00e1lia\u201d funcionar\u00e3o normalmente, das 8 \u00e0s 18 horas e das 10 \u00e0s 17 horas, respectivamente. A partir das 6 horas, o parque estar\u00e1 aberto aos integrantes do \u201cClube de Caminhada\u201d, portando a carteirinha de identifica\u00e7\u00e3o.<\/p>\n<p>Parque da Lajinha: funcionar\u00e1 normalmente, das 8 \u00e0s 17 horas.<\/p>\n<p>Funda\u00e7\u00e3o Cultural \u201cAlfredo Ferreira Lage\u201d (Funalfa): apenas o Centro de Artes e Esportes Unificados (Pra\u00e7a CEU) funcionar\u00e1, das 11 \u00e0s 20 horas. No s\u00e1bado, abre das 10 \u00e0s 20 horas, e, no domingo, das 10 \u00e0s 19 horas. Os demais \u00f3rg\u00e3os estar\u00e3o de sexta a segunda-feira, 10.<\/p>\n<p>Companhia de Saneamento Municipal (Cesama): funcionar\u00e1 em esquema de plant\u00e3o, atendendo pelo telefone 115.<\/p>\n<p>Defesa Civil: funcionar\u00e1 em esquema de plant\u00e3o, atendendo pelo telefone 199.<\/p>\n<p>Departamento Municipal de Limpeza Urbana (Demlurb): n\u00e3o haver\u00e1 coleta de lixo na sexta-feira. As atividades ser\u00e3o retomadas no s\u00e1bado.<\/p>\n<p>Feiras livres: as feiras livres e o Mercado Municipal funcionar\u00e3o normalmente.<\/p>\n<p>Restaurante Popular: n\u00e3o funcionar\u00e1 durante o feriado. As atividades ser\u00e3o retomadas na segunda- feira.<\/p>\n<p>Guarda Municipal (GM): atuar\u00e1 no Parque da Lajinha, Hospital de Pronto Socorro (HPS) e na Supervis\u00e3o de Servi\u00e7o 24 horas, que atende pelo 153.<\/p>\n<p>Sa\u00fade: haver\u00e1 expediente normal nas unidades de Pronto Atendimento (UPAs), Unidade Regional Leste, Pronto Atendimento Infantil (PAI) e no Hospital Doutor Geraldo Mozart Teixeira. As unidades b\u00e1sicas de sa\u00fade (UBSs) ficar\u00e3o fechadas, retomando as atividades na segunda-feira, 10.<\/p>\n<p>Assist\u00eancia Social: os servi\u00e7os de popula\u00e7\u00e3o de rua, abordagem social (das 7 \u00e0s 19 horas) e casas de acolhimento funcionar\u00e3o normalmente. Os centros de Refer\u00eancia de Assist\u00eancia Social (Cras) e Especializado de Assist\u00eancia Social (Creas) n\u00e3o funcionar\u00e3o. J\u00e1 os Conselhos Tutelares funcionar\u00e3o em esquema de plant\u00e3o pelos telefones: Sul\/Oeste \u2013 99939-9073; Centro\/Norte \u2013 99939-8073; Leste \u2013 99939-9373.<\/p>\n<p>&nbsp;<\/p>\n<p>Fonte: Assessoria PJF<\/p>\n","protected":false},"excerpt":{"rendered":"<p>Ser\u00e1 na sexta-feira, 7, na Avenida Rio Branco, o desfile de comemora\u00e7\u00e3o do 196\u00ba anivers\u00e1rio do \u201cDia da Independ\u00eancia\u201d do Brasil. A tradicional solenidade come\u00e7ar\u00e1 com apresenta\u00e7\u00e3o dos militares, a partir das 8h30, com previs\u00e3o de cinco mil participantes, e ter\u00e1 continuidade \u00e0s 9h30, com a participa\u00e7\u00e3o de cerca de 3.200 civis, representando escolas municipais [&hellip;]<\/p>\n","protected":false},"author":96,"featured_media":117913,"comment_status":"closed","ping_status":"closed","sticky":false,"template":"","format":"standard","meta":{"footnotes":""},"categories":[253,439],"tags":[],"class_list":["post-117911","post","type-post","status-publish","format-standard","has-post-thumbnail","hentry","category-cidade","category-ultima-hora"],"_links":{"self":[{"href":"https:\/\/diarioregionaldigital.com.br\/index.php?rest_route=\/wp\/v2\/posts\/117911","targetHints":{"allow":["GET"]}}],"collection":[{"href":"https:\/\/diarioregionaldigital.com.br\/index.php?rest_route=\/wp\/v2\/posts"}],"about":[{"href":"https:\/\/diarioregionaldigital.com.br\/index.php?rest_route=\/wp\/v2\/types\/post"}],"author":[{"embeddable":true,"href":"https:\/\/diarioregionaldigital.com.br\/index.php?rest_route=\/wp\/v2\/users\/96"}],"replies":[{"embeddable":true,"href":"https:\/\/diarioregionaldigital.com.br\/index.php?rest_route=%2Fwp%2Fv2%2Fcomments&post=117911"}],"version-history":[{"count":0,"href":"https:\/\/diarioregionaldigital.com.br\/index.php?rest_route=\/wp\/v2\/posts\/117911\/revisions"}],"wp:featuredmedia":[{"embeddable":true,"href":"https:\/\/diarioregionaldigital.com.br\/index.php?rest_route=\/wp\/v2\/media\/117913"}],"wp:attachment":[{"href":"https:\/\/diarioregionaldigital.com.br\/index.php?rest_route=%2Fwp%2Fv2%2Fmedia&parent=117911"}],"wp:term":[{"taxonomy":"category","embeddable":true,"href":"https:\/\/diarioregionaldigital.com.br\/index.php?rest_route=%2Fwp%2Fv2%2Fcategories&post=117911"},{"taxonomy":"post_tag","embeddable":true,"href":"https:\/\/diarioregionaldigital.com.br\/index.php?rest_route=%2Fwp%2Fv2%2Ftags&post=117911"}],"curies":[{"name":"wp","href":"https:\/\/api.w.org\/{rel}","templated":true}]}}