{"id":117908,"date":"2018-09-06T08:23:27","date_gmt":"2018-09-06T11:23:27","guid":{"rendered":"https:\/\/diarioregionaldigital.com.br\/?p=117908"},"modified":"2018-09-06T08:23:27","modified_gmt":"2018-09-06T11:23:27","slug":"loja-de-veiculos-e-assaltada-no-bairro-botanagua","status":"publish","type":"post","link":"https:\/\/diarioregionaldigital.com.br\/?p=117908","title":{"rendered":"Loja de ve\u00edculos \u00e9 assaltada no bairro Botanagua"},"content":{"rendered":"<p>Dois homens realizaram um assalto em uma loja de ve\u00edculos no in\u00edcio da tarde dessa quinta-feira, 5, na Avenida Brasil, no bairro Botanagua, regi\u00e3o Leste de Juiz de Fora. O crime aconteceu por volta de 12h30.<\/p>\n<p>Segundo relato do dono do estabelecimento comercial aos policiais militares, os assaltantes chegaram em uma moto vermelha, sendo que o homem que vinha no carona estava armado com um rev\u00f3lver.<\/p>\n<p>Os autores conseguiram roubar um cord\u00e3o de ouro, um celular e R$4 mil reais em dinheiro.<\/p>\n<p>Ainda segundo a v\u00edtima, de 31 anos, a placa da moto estava levantada e, assim, n\u00e3o foi poss\u00edvel anotar o n\u00famero. A Pol\u00edcia Militar realizou rastreamento na \u00e1rea, mas os assaltantes n\u00e3o foram encontrados.<\/p>\n","protected":false},"excerpt":{"rendered":"<p>Dois homens realizaram um assalto em uma loja de ve\u00edculos no in\u00edcio da tarde dessa quinta-feira, 5, na Avenida Brasil, no bairro Botanagua, regi\u00e3o Leste de Juiz de Fora. O crime aconteceu por volta de 12h30. Segundo relato do dono do estabelecimento comercial aos policiais militares, os assaltantes chegaram em uma moto vermelha, sendo que [&hellip;]<\/p>\n","protected":false},"author":96,"featured_media":95836,"comment_status":"closed","ping_status":"closed","sticky":false,"template":"","format":"standard","meta":{"footnotes":""},"categories":[301],"tags":[],"class_list":["post-117908","post","type-post","status-publish","format-standard","has-post-thumbnail","hentry","category-artigos-policiais"],"_links":{"self":[{"href":"https:\/\/diarioregionaldigital.com.br\/index.php?rest_route=\/wp\/v2\/posts\/117908","targetHints":{"allow":["GET"]}}],"collection":[{"href":"https:\/\/diarioregionaldigital.com.br\/index.php?rest_route=\/wp\/v2\/posts"}],"about":[{"href":"https:\/\/diarioregionaldigital.com.br\/index.php?rest_route=\/wp\/v2\/types\/post"}],"author":[{"embeddable":true,"href":"https:\/\/diarioregionaldigital.com.br\/index.php?rest_route=\/wp\/v2\/users\/96"}],"replies":[{"embeddable":true,"href":"https:\/\/diarioregionaldigital.com.br\/index.php?rest_route=%2Fwp%2Fv2%2Fcomments&post=117908"}],"version-history":[{"count":0,"href":"https:\/\/diarioregionaldigital.com.br\/index.php?rest_route=\/wp\/v2\/posts\/117908\/revisions"}],"wp:featuredmedia":[{"embeddable":true,"href":"https:\/\/diarioregionaldigital.com.br\/index.php?rest_route=\/wp\/v2\/media\/95836"}],"wp:attachment":[{"href":"https:\/\/diarioregionaldigital.com.br\/index.php?rest_route=%2Fwp%2Fv2%2Fmedia&parent=117908"}],"wp:term":[{"taxonomy":"category","embeddable":true,"href":"https:\/\/diarioregionaldigital.com.br\/index.php?rest_route=%2Fwp%2Fv2%2Fcategories&post=117908"},{"taxonomy":"post_tag","embeddable":true,"href":"https:\/\/diarioregionaldigital.com.br\/index.php?rest_route=%2Fwp%2Fv2%2Ftags&post=117908"}],"curies":[{"name":"wp","href":"https:\/\/api.w.org\/{rel}","templated":true}]}}