{"id":117906,"date":"2018-09-06T08:18:59","date_gmt":"2018-09-06T11:18:59","guid":{"rendered":"https:\/\/diarioregionaldigital.com.br\/?p=117906"},"modified":"2018-09-06T08:18:59","modified_gmt":"2018-09-06T11:18:59","slug":"idoso-e-assaltado-no-bairro-mariano-procopio","status":"publish","type":"post","link":"https:\/\/diarioregionaldigital.com.br\/?p=117906","title":{"rendered":"Idoso \u00e9 assaltado no bairro Mariano Proc\u00f3pio"},"content":{"rendered":"<p>Na madrugada dessa quarta-feira, 5, a Pol\u00edcia Militar registrou um assalto na Rua \u00c1gassiz, no bairro Mariano Proc\u00f3pio, na regi\u00e3o central de Juiz de Fora. Um idoso passava pelo local quando foi abordado por dois homens, um deles armado com uma faca. O assaltante encostou o objeto pontiagudo no abd\u00f4men da v\u00edtima e exigiu que ela entregasse todos os seus pertences, um celular e R$20 em dinheiro. Ap\u00f3s o crime, os autores fugiram.<\/p>\n<p>O boletim de ocorr\u00eancia s\u00f3 foi registrado pelo idoso na manh\u00e3 da quinta-feira, quase 10 horas depois do acontecido, por isso, a Pol\u00edcia Militar n\u00e3o conseguiu realizar o rastreamento na regi\u00e3o do assalto. At\u00e9 agora, ningu\u00e9m foi preso.<\/p>\n","protected":false},"excerpt":{"rendered":"<p>Na madrugada dessa quarta-feira, 5, a Pol\u00edcia Militar registrou um assalto na Rua \u00c1gassiz, no bairro Mariano Proc\u00f3pio, na regi\u00e3o central de Juiz de Fora. Um idoso passava pelo local quando foi abordado por dois homens, um deles armado com uma faca. O assaltante encostou o objeto pontiagudo no abd\u00f4men da v\u00edtima e exigiu que [&hellip;]<\/p>\n","protected":false},"author":96,"featured_media":95836,"comment_status":"closed","ping_status":"closed","sticky":false,"template":"","format":"standard","meta":{"footnotes":""},"categories":[301],"tags":[],"class_list":["post-117906","post","type-post","status-publish","format-standard","has-post-thumbnail","hentry","category-artigos-policiais"],"_links":{"self":[{"href":"https:\/\/diarioregionaldigital.com.br\/index.php?rest_route=\/wp\/v2\/posts\/117906","targetHints":{"allow":["GET"]}}],"collection":[{"href":"https:\/\/diarioregionaldigital.com.br\/index.php?rest_route=\/wp\/v2\/posts"}],"about":[{"href":"https:\/\/diarioregionaldigital.com.br\/index.php?rest_route=\/wp\/v2\/types\/post"}],"author":[{"embeddable":true,"href":"https:\/\/diarioregionaldigital.com.br\/index.php?rest_route=\/wp\/v2\/users\/96"}],"replies":[{"embeddable":true,"href":"https:\/\/diarioregionaldigital.com.br\/index.php?rest_route=%2Fwp%2Fv2%2Fcomments&post=117906"}],"version-history":[{"count":0,"href":"https:\/\/diarioregionaldigital.com.br\/index.php?rest_route=\/wp\/v2\/posts\/117906\/revisions"}],"wp:featuredmedia":[{"embeddable":true,"href":"https:\/\/diarioregionaldigital.com.br\/index.php?rest_route=\/wp\/v2\/media\/95836"}],"wp:attachment":[{"href":"https:\/\/diarioregionaldigital.com.br\/index.php?rest_route=%2Fwp%2Fv2%2Fmedia&parent=117906"}],"wp:term":[{"taxonomy":"category","embeddable":true,"href":"https:\/\/diarioregionaldigital.com.br\/index.php?rest_route=%2Fwp%2Fv2%2Fcategories&post=117906"},{"taxonomy":"post_tag","embeddable":true,"href":"https:\/\/diarioregionaldigital.com.br\/index.php?rest_route=%2Fwp%2Fv2%2Ftags&post=117906"}],"curies":[{"name":"wp","href":"https:\/\/api.w.org\/{rel}","templated":true}]}}