{"id":117898,"date":"2018-09-05T22:54:12","date_gmt":"2018-09-06T01:54:12","guid":{"rendered":"https:\/\/diarioregionaldigital.com.br\/?p=117898"},"modified":"2018-09-19T15:55:09","modified_gmt":"2018-09-19T18:55:09","slug":"bruno-siqueira-lanca-candidatura-a-deputado-estadual-ao-lado-de-henrique-meirelles-e-adalclever-lopes","status":"publish","type":"post","link":"https:\/\/diarioregionaldigital.com.br\/?p=117898","title":{"rendered":"Bruno Siqueira lan\u00e7a candidatura a Deputado Estadual ao lado de Henrique Meirelles e Adalclever Lopes"},"content":{"rendered":"<p>Bruno Siqueira lan\u00e7ou oficialmente nessa quarta-feira, 5, sua candidatura \u00e0 Assembl\u00e9ia Legislativa, no Casar\u00e3o Imperial, no bairro Po\u00e7o Rico, em Juiz de Fora. O ex-prefeito de Juiz de Fora \u00e9 candidato a Deputado Estadual pelo partido MDB. Bruno Siqueira chegou ao local do evento acompanhado do candidato \u00e0 Presid\u00eancia Henrique Meirelles (MDB) e do candidato ao Governo de Minas, Adalclever Lopes (MDB), que estiveram presentes para apoiar o lan\u00e7amento da candidatura do ex-prefeito. Tamb\u00e9m estiveram presentes na solenidade, correligion\u00e1rios como o Deputado Federal Leonardo Quint\u00e3o (MDB), que est\u00e1 em campanha para reelei\u00e7\u00e3o, lideran\u00e7as politicas locais e regionais, como o prefeito Ant\u00f4nio Almas (PSDB) e o vereador Marlon Siqueira (MDB), al\u00e9m de militantes e apoiadores.<\/p>\n<p>Os tr\u00eas candidatos fizeram pronunciamentos. \u201cEstamos come\u00e7ando uma transforma\u00e7\u00e3o no Brasil. Agora n\u00f3s come\u00e7amos a mostrar a popula\u00e7\u00e3o brasileira uma nova hist\u00f3ria, algo novo no Brasil que \u00e9 uma mudan\u00e7a de mentalidade, uma mudan\u00e7a na capacidade dos brasileiros, dos mineiros de sentirem orgulho do pa\u00eds\u201d, disse o candidato \u00e0 Presid\u00eancia da Rep\u00fablica. Meirelles falou sobre suas propostas, dando enfoque na educa\u00e7\u00e3o e cultura. \u201cImportant\u00edssimo investimento na cultura. A cultura que d\u00e1 nossa identidade, que d\u00e1 exatamente a nossa mem\u00f3ria e \u00e9 o nosso senso de na\u00e7\u00e3o, de brasilidade. A cultura ser\u00e1 um ponto forte do meu governo. N\u00f3s vamos tamb\u00e9m nos assegurar que a administra\u00e7\u00e3o p\u00fablica funcione em todos os n\u00edveis para n\u00e3o acontecer, por exemplo, o que aconteceu no Rio de Janeiro com a trag\u00e9dia do Museu Nacional\u201d, comentou Meirelles.<\/p>\n<p>J\u00e1 o candidato ao Governo de Minas, Adalclever, falou sobre a principal necessidade do Estado. \u201cA maior necessidade do estado \u00e9 unir os mineiros. Precisamos voltar a ter di\u00e1logo. Minas precisa parar com essa dicotomia entre um candidato e outro, Minas precisa ser uma s\u00f3, precisa conversar nacionalmente. Precisamos estabelecer um di\u00e1logo com o poder central\u201d, afirmou. O candidato tamb\u00e9m comentou sobre a situa\u00e7\u00e3o dos professores da rede estadual. \u201cA primeira coisa que tem que fazer \u00e9 gastar menos do que se arrecada. N\u00f3s temos hoje 110% comprometidos com folha de pagamento. Temos que enxugar o Estado\u201d, disse.<\/p>\n<p>Bruno encerrou a solenidade relembrando sua hist\u00f3ria na pol\u00edtica e os trabalhos j\u00e1 realizados na cidade. \u201cNossa luta ser\u00e1 muito grande, ser\u00e1 muito dif\u00edcil, n\u00e3o apenas para vence as elei\u00e7\u00f5es, mas principalmente, junto com Meirelles e Adalclever, para reverter o que est\u00e1 acontecendo no estado de Minas Gerais. N\u00f3s precisamos debater com seriedade esses problemas. Precisamos de uma voz firme da nossa cidade na Assembl\u00e9ia para poder lutar por n\u00f3s\u201d, finalizou o candidato a Deputado Estadual.<\/p>\n<p><span style=\"font-size: 14pt;\">JAIR BOLSONARO<\/span><\/p>\n<p><a href=\"https:\/\/diarioregionaldigital.com.br\/2018\/09\/03\/confirmada-visita-de-bolsonaro-a-juiz-de-fora-nesta-quinta-feira\/\">Quem tamb\u00e9m estar\u00e1 em Juiz de Fora \u00e9 o candidato a Presid\u00eancia da Rep\u00fablica, Jair Bolsonaro (PSL-RJ).<\/a> Ele chega a cidade nesta quinta-feira, 6, para cumprir agenda eleitoral. Est\u00e3o previstos encontros com lideran\u00e7as empresariais locais, al\u00e9m de ato com o eleitorado.<\/p>\n","protected":false},"excerpt":{"rendered":"<p>Bruno Siqueira lan\u00e7ou oficialmente nessa quarta-feira, 5, sua candidatura \u00e0 Assembl\u00e9ia Legislativa, no Casar\u00e3o Imperial, no bairro Po\u00e7o Rico, em Juiz de Fora. O ex-prefeito de Juiz de Fora \u00e9 candidato a Deputado Estadual pelo partido MDB. Bruno Siqueira chegou ao local do evento acompanhado do candidato \u00e0 Presid\u00eancia Henrique Meirelles (MDB) e do candidato [&hellip;]<\/p>\n","protected":false},"author":96,"featured_media":117899,"comment_status":"closed","ping_status":"closed","sticky":false,"template":"","format":"standard","meta":{"footnotes":""},"categories":[253,440,439],"tags":[449,312],"class_list":["post-117898","post","type-post","status-publish","format-standard","has-post-thumbnail","hentry","category-cidade","category-destaques-do-dia","category-ultima-hora","tag-eleicoes","tag-juiz-de-fora"],"_links":{"self":[{"href":"https:\/\/diarioregionaldigital.com.br\/index.php?rest_route=\/wp\/v2\/posts\/117898","targetHints":{"allow":["GET"]}}],"collection":[{"href":"https:\/\/diarioregionaldigital.com.br\/index.php?rest_route=\/wp\/v2\/posts"}],"about":[{"href":"https:\/\/diarioregionaldigital.com.br\/index.php?rest_route=\/wp\/v2\/types\/post"}],"author":[{"embeddable":true,"href":"https:\/\/diarioregionaldigital.com.br\/index.php?rest_route=\/wp\/v2\/users\/96"}],"replies":[{"embeddable":true,"href":"https:\/\/diarioregionaldigital.com.br\/index.php?rest_route=%2Fwp%2Fv2%2Fcomments&post=117898"}],"version-history":[{"count":0,"href":"https:\/\/diarioregionaldigital.com.br\/index.php?rest_route=\/wp\/v2\/posts\/117898\/revisions"}],"wp:featuredmedia":[{"embeddable":true,"href":"https:\/\/diarioregionaldigital.com.br\/index.php?rest_route=\/wp\/v2\/media\/117899"}],"wp:attachment":[{"href":"https:\/\/diarioregionaldigital.com.br\/index.php?rest_route=%2Fwp%2Fv2%2Fmedia&parent=117898"}],"wp:term":[{"taxonomy":"category","embeddable":true,"href":"https:\/\/diarioregionaldigital.com.br\/index.php?rest_route=%2Fwp%2Fv2%2Fcategories&post=117898"},{"taxonomy":"post_tag","embeddable":true,"href":"https:\/\/diarioregionaldigital.com.br\/index.php?rest_route=%2Fwp%2Fv2%2Ftags&post=117898"}],"curies":[{"name":"wp","href":"https:\/\/api.w.org\/{rel}","templated":true}]}}