{"id":117870,"date":"2018-09-06T06:00:15","date_gmt":"2018-09-06T09:00:15","guid":{"rendered":"https:\/\/diarioregionaldigital.com.br\/?p=117870"},"modified":"2018-09-05T18:31:54","modified_gmt":"2018-09-05T21:31:54","slug":"edital-granjas-villela-village-06-09-18","status":"publish","type":"post","link":"https:\/\/diarioregionaldigital.com.br\/?p=117870","title":{"rendered":"Edital &#8211; Granjas Villela Village 06\/09\/18"},"content":{"rendered":"<p style=\"text-align: center;\"><strong><u>EDITAL DE CONVOCA\u00c7\u00c3O<\/u><\/strong><\/p>\n<p>Prezados Senhores,<\/p>\n<p>A Administra\u00e7\u00e3o da Associa\u00e7\u00e3o de Mor. e Prop. das Granjas Villela Village, no uso de suas atribui\u00e7\u00f5es e na forma legalmente prevista, convida os Srs. Associados para a\u00a0<strong><u>ASSEMBLEIA GERAL ORDIN\u00c1RIA<\/u><\/strong>, que se realizar\u00e1 no dia\u00a0<strong>19 de setembro de 2018<\/strong>,\u00a0<strong>quarta-feira<\/strong>, sendo o local de realiza\u00e7\u00e3o da assembleia a sala de reuni\u00f5es do Edif\u00edcio Rossi, \u00e0 Avenida Bar\u00e3o do Rio Branco, n\u00ba 1871, centro, \u00e0s\u00a0<strong><u>19:00h, em primeira convoca\u00e7\u00e3o<\/u><\/strong>, quando h\u00e1 necessidade da presen\u00e7a de 2\/3 (dois ter\u00e7os) dos associados, ou \u00e0s\u00a0<strong><u>19:30h, em segunda convoca\u00e7\u00e3o<\/u><\/strong>, com qualquer n\u00famero de associados, para deliberar sobre as seguintes pautas:<\/p>\n<p style=\"text-align: left;\"><strong>1)\u00a0\u00a0\u00a0\u00a0\u00a0\u00a0Presta\u00e7\u00e3o de contas do \u00faltimo exerc\u00edcio;<\/strong><\/p>\n<p><strong>2)\u00a0\u00a0\u00a0\u00a0\u00a0\u00a0Previs\u00e3o or\u00e7ament\u00e1ria para os pr\u00f3ximos 12 meses;<\/strong><\/p>\n<p><strong>3)\u00a0\u00a0\u00a0\u00a0\u00a0\u00a0Forma de cobran\u00e7a do consumo de \u00e1gua;<\/strong><\/p>\n<p><strong>4)\u00a0\u00a0\u00a0\u00a0\u00a0\u00a0Taxa extra sobre a perfura\u00e7\u00e3o de po\u00e7o artesiano;<\/strong><\/p>\n<p><strong>5)\u00a0\u00a0\u00a0\u00a0\u00a0\u00a0Delibera\u00e7\u00e3o acerca da seguran\u00e7a na Associa\u00e7\u00e3o.<\/strong><\/p>\n<p>Atenciosamente,<\/p>\n<p><strong>A Administra\u00e7\u00e3o<\/strong><\/p>\n<p><strong>Associa\u00e7\u00e3o dos Moradores e Propriet\u00e1rios das Granjas Villela Village<\/strong><\/p>\n<p><strong>Observa\u00e7\u00f5es:<\/strong><\/p>\n<p><strong>1)\u00a0Ser\u00e3o aceitas procura\u00e7\u00f5es\u00a0<u>com firma reconhecida,<\/u>\u00a0outorgada a terceiros, associados ou n\u00e3o, com no m\u00e1ximo duas procura\u00e7\u00f5es por associado \u2013 Artigo 8\u00ba, par\u00e1grafo 1\u00ba do Estatuto.<\/strong><\/p>\n<p><strong>2)\u00a0O associado inadimplente poder\u00e1 participar,\u00a0<u>mas sem o direito de votar ou ser votado<\/u>.<\/strong><\/p>\n","protected":false},"excerpt":{"rendered":"<p>EDITAL DE CONVOCA\u00c7\u00c3O Prezados Senhores, A Administra\u00e7\u00e3o da Associa\u00e7\u00e3o de Mor. e Prop. das Granjas Villela Village, no uso de suas atribui\u00e7\u00f5es e na forma legalmente prevista, convida os Srs. Associados para a\u00a0ASSEMBLEIA GERAL ORDIN\u00c1RIA, que se realizar\u00e1 no dia\u00a019 de setembro de 2018,\u00a0quarta-feira, sendo o local de realiza\u00e7\u00e3o da assembleia a sala de reuni\u00f5es [&hellip;]<\/p>\n","protected":false},"author":96,"featured_media":0,"comment_status":"closed","ping_status":"closed","sticky":false,"template":"","format":"standard","meta":{"footnotes":""},"categories":[307],"tags":[],"class_list":["post-117870","post","type-post","status-publish","format-standard","hentry","category-editais"],"_links":{"self":[{"href":"https:\/\/diarioregionaldigital.com.br\/index.php?rest_route=\/wp\/v2\/posts\/117870","targetHints":{"allow":["GET"]}}],"collection":[{"href":"https:\/\/diarioregionaldigital.com.br\/index.php?rest_route=\/wp\/v2\/posts"}],"about":[{"href":"https:\/\/diarioregionaldigital.com.br\/index.php?rest_route=\/wp\/v2\/types\/post"}],"author":[{"embeddable":true,"href":"https:\/\/diarioregionaldigital.com.br\/index.php?rest_route=\/wp\/v2\/users\/96"}],"replies":[{"embeddable":true,"href":"https:\/\/diarioregionaldigital.com.br\/index.php?rest_route=%2Fwp%2Fv2%2Fcomments&post=117870"}],"version-history":[{"count":0,"href":"https:\/\/diarioregionaldigital.com.br\/index.php?rest_route=\/wp\/v2\/posts\/117870\/revisions"}],"wp:attachment":[{"href":"https:\/\/diarioregionaldigital.com.br\/index.php?rest_route=%2Fwp%2Fv2%2Fmedia&parent=117870"}],"wp:term":[{"taxonomy":"category","embeddable":true,"href":"https:\/\/diarioregionaldigital.com.br\/index.php?rest_route=%2Fwp%2Fv2%2Fcategories&post=117870"},{"taxonomy":"post_tag","embeddable":true,"href":"https:\/\/diarioregionaldigital.com.br\/index.php?rest_route=%2Fwp%2Fv2%2Ftags&post=117870"}],"curies":[{"name":"wp","href":"https:\/\/api.w.org\/{rel}","templated":true}]}}