{"id":117868,"date":"2018-09-06T06:00:33","date_gmt":"2018-09-06T09:00:33","guid":{"rendered":"https:\/\/diarioregionaldigital.com.br\/?p=117868"},"modified":"2018-09-06T21:26:51","modified_gmt":"2018-09-07T00:26:51","slug":"edital-de-citacao-dr-orfeu-sergio-ferreira-filho-07-09-18","status":"publish","type":"post","link":"https:\/\/diarioregionaldigital.com.br\/?p=117868","title":{"rendered":"Edital de Cita\u00e7\u00e3o -Dr. Orfeu S\u00e9rgio Ferreira Filho 07\/09\/18"},"content":{"rendered":"<p><img loading=\"lazy\" decoding=\"async\" class=\"wp-image-117860\" src=\"https:\/\/diarioregionaldigital.com.br\/wp-content\/uploads\/2018\/09\/EDITAL-PARA-PUBLICA\u00c7\u00c3O-EDITAL-2.jpg\" alt=\"\" width=\"500\" height=\"586\" srcset=\"https:\/\/diarioregionaldigital.com.br\/wp-content\/uploads\/2018\/09\/EDITAL-PARA-PUBLICA\u00c7\u00c3O-EDITAL-2.jpg 1960w, https:\/\/diarioregionaldigital.com.br\/wp-content\/uploads\/2018\/09\/EDITAL-PARA-PUBLICA\u00c7\u00c3O-EDITAL-2-256x300.jpg 256w, https:\/\/diarioregionaldigital.com.br\/wp-content\/uploads\/2018\/09\/EDITAL-PARA-PUBLICA\u00c7\u00c3O-EDITAL-2-768x900.jpg 768w, https:\/\/diarioregionaldigital.com.br\/wp-content\/uploads\/2018\/09\/EDITAL-PARA-PUBLICA\u00c7\u00c3O-EDITAL-2-874x1024.jpg 874w, https:\/\/diarioregionaldigital.com.br\/wp-content\/uploads\/2018\/09\/EDITAL-PARA-PUBLICA\u00c7\u00c3O-EDITAL-2-360x422.jpg 360w\" sizes=\"auto, (max-width: 500px) 100vw, 500px\" \/><\/p>\n","protected":false},"excerpt":{"rendered":"","protected":false},"author":96,"featured_media":0,"comment_status":"closed","ping_status":"closed","sticky":false,"template":"","format":"standard","meta":{"footnotes":""},"categories":[307],"tags":[],"class_list":["post-117868","post","type-post","status-publish","format-standard","hentry","category-editais"],"_links":{"self":[{"href":"https:\/\/diarioregionaldigital.com.br\/index.php?rest_route=\/wp\/v2\/posts\/117868","targetHints":{"allow":["GET"]}}],"collection":[{"href":"https:\/\/diarioregionaldigital.com.br\/index.php?rest_route=\/wp\/v2\/posts"}],"about":[{"href":"https:\/\/diarioregionaldigital.com.br\/index.php?rest_route=\/wp\/v2\/types\/post"}],"author":[{"embeddable":true,"href":"https:\/\/diarioregionaldigital.com.br\/index.php?rest_route=\/wp\/v2\/users\/96"}],"replies":[{"embeddable":true,"href":"https:\/\/diarioregionaldigital.com.br\/index.php?rest_route=%2Fwp%2Fv2%2Fcomments&post=117868"}],"version-history":[{"count":0,"href":"https:\/\/diarioregionaldigital.com.br\/index.php?rest_route=\/wp\/v2\/posts\/117868\/revisions"}],"wp:attachment":[{"href":"https:\/\/diarioregionaldigital.com.br\/index.php?rest_route=%2Fwp%2Fv2%2Fmedia&parent=117868"}],"wp:term":[{"taxonomy":"category","embeddable":true,"href":"https:\/\/diarioregionaldigital.com.br\/index.php?rest_route=%2Fwp%2Fv2%2Fcategories&post=117868"},{"taxonomy":"post_tag","embeddable":true,"href":"https:\/\/diarioregionaldigital.com.br\/index.php?rest_route=%2Fwp%2Fv2%2Ftags&post=117868"}],"curies":[{"name":"wp","href":"https:\/\/api.w.org\/{rel}","templated":true}]}}