{"id":117863,"date":"2018-09-06T06:00:24","date_gmt":"2018-09-06T09:00:24","guid":{"rendered":"https:\/\/diarioregionaldigital.com.br\/?p=117863"},"modified":"2018-09-05T18:22:25","modified_gmt":"2018-09-05T21:22:25","slug":"quadro-de-aviso","status":"publish","type":"post","link":"https:\/\/diarioregionaldigital.com.br\/?p=117863","title":{"rendered":"Quadro de Aviso"},"content":{"rendered":"<p style=\"text-align: center;\"><strong>Rainha da Primavera<\/strong><\/p>\n<p style=\"text-align: center;\">Tradicional concurso em Juiz de Fora, o Rainha da Primavera ASE 2018 vai acontecer no s\u00e1bado, \u00e0s 20h30, do dia 8 de setembro. Mulheres lindas estar\u00e3o desfilando depois de criteriosas duas fases classificat\u00f3rias. A produ\u00e7\u00e3o \u00e9 do estrelado Crys Santos da Ag\u00eancia Discovery. Este colunista estar\u00e1 integrando o honroso corpo de jurados.<\/p>\n<p style=\"text-align: center;\"><strong>Quadro de Aviso<\/strong><\/p>\n<p style=\"text-align: center;\">Num mundo em que o com\u00e9rcio entre os pa\u00edses \u00e9 crescente e cada vez mais competitivo, pr\u00e1ticas desleais nas exporta\u00e7\u00f5es tem se tornado um problema real para os empres\u00e1rios. Neste cen\u00e1rio o conhecimento sobre medidas que resguardam a ind\u00fastria nacional se fazem necess\u00e1rias, como \u00e9 o caso das medidas antiduping. O uso delas como defesa comercial \u00e9 um recurso que est\u00e1 sendo incentivado pelo Sindimeias\/JF, em um projeto que vem sendo desenvolvido em parceria com o ABIT.<\/p>\n<p style=\"text-align: center;\"><strong>Teatro<\/strong><\/p>\n<p style=\"text-align: center;\">O espet\u00e1culo \u201cAtr\u00e1s do Mundo\u201d desembarca no Divers\u00e3o em Cena ArcelorMittal, em Juiz de Fora. Idealizada pela atriz Maria Eduarda de Carvalho, a apresenta\u00e7\u00e3o entra em cartaz no dia 9 de setembro (domingo), \u00e0s 16 horas, no Teatro Solar. Atrav\u00e9s do olhar de duas crian\u00e7as, a pe\u00e7a mostra assuntos comuns a qualquer pessoa, como perdas, medos e saudades. O espet\u00e1culo, realizado pela Vira Lata Filmes, tem a proposta de transformar as adversidades da vida em chances de crescimento pessoal por meio da arte.<\/p>\n<p style=\"text-align: center;\"><strong>Sucesso<\/strong><\/p>\n<p style=\"text-align: center;\">Habilidoso e competente, M\u00e1rcio Mattos movimentou o Buffet Gutierrez &amp; Milione com uma palestra sobre lideran\u00e7a e motiva\u00e7\u00e3o para os colaboradores da empresa. O foco foi a Lideran\u00e7a para L\u00edderes.<\/p>\n<p style=\"text-align: center;\"><strong>Verde e Branco<\/strong><\/p>\n<p style=\"text-align: center;\">Vai ser no Sport Clube Juiz de Fora o Encontro de Brech\u00f3s, no dia 16 de setembro, de 10 \u00e0s 16h. Uma boa oportunidade para garimpar pe\u00e7as retr\u00f4, muito colorido e de apurad\u00edssimo bom gosto.<\/p>\n<div id=\"attachment_117850\" style=\"width: 690px\" class=\"wp-caption aligncenter\"><img loading=\"lazy\" decoding=\"async\" aria-describedby=\"caption-attachment-117850\" class=\"wp-image-117850\" src=\"https:\/\/diarioregionaldigital.com.br\/wp-content\/uploads\/2018\/09\/fotoa-2.jpg\" alt=\"\" width=\"680\" height=\"456\" srcset=\"https:\/\/diarioregionaldigital.com.br\/wp-content\/uploads\/2018\/09\/fotoa-2.jpg 960w, https:\/\/diarioregionaldigital.com.br\/wp-content\/uploads\/2018\/09\/fotoa-2-300x201.jpg 300w, https:\/\/diarioregionaldigital.com.br\/wp-content\/uploads\/2018\/09\/fotoa-2-768x515.jpg 768w, https:\/\/diarioregionaldigital.com.br\/wp-content\/uploads\/2018\/09\/fotoa-2-360x242.jpg 360w\" sizes=\"auto, (max-width: 680px) 100vw, 680px\" \/><p id=\"caption-attachment-117850\" class=\"wp-caption-text\">Telma Regina lan\u00e7ou o livro \u201cViv\u00eancias Po\u00e9ticas\u201d (Gryphon Edi\u00e7\u00f5es), no Excalibur e recebeu a escritora Maria Helena Sleutjes<\/p><\/div>\n<div id=\"attachment_117853\" style=\"width: 690px\" class=\"wp-caption aligncenter\"><img loading=\"lazy\" decoding=\"async\" aria-describedby=\"caption-attachment-117853\" class=\"wp-image-117853\" src=\"https:\/\/diarioregionaldigital.com.br\/wp-content\/uploads\/2018\/09\/fotobb-2-e1536182048625.jpg\" alt=\"\" width=\"680\" height=\"498\" srcset=\"https:\/\/diarioregionaldigital.com.br\/wp-content\/uploads\/2018\/09\/fotobb-2-e1536182048625.jpg 956w, https:\/\/diarioregionaldigital.com.br\/wp-content\/uploads\/2018\/09\/fotobb-2-e1536182048625-300x220.jpg 300w, https:\/\/diarioregionaldigital.com.br\/wp-content\/uploads\/2018\/09\/fotobb-2-e1536182048625-768x562.jpg 768w, https:\/\/diarioregionaldigital.com.br\/wp-content\/uploads\/2018\/09\/fotobb-2-e1536182048625-360x264.jpg 360w\" sizes=\"auto, (max-width: 680px) 100vw, 680px\" \/><p id=\"caption-attachment-117853\" class=\"wp-caption-text\">Rosenberg Frizeiro com o aniversariante de ontem Jo\u00e3o Tavares em sintonia<\/p><\/div>\n<div id=\"attachment_117854\" style=\"width: 690px\" class=\"wp-caption aligncenter\"><img loading=\"lazy\" decoding=\"async\" aria-describedby=\"caption-attachment-117854\" class=\"wp-image-117854\" src=\"https:\/\/diarioregionaldigital.com.br\/wp-content\/uploads\/2018\/09\/fotocc-e1536182070348.jpg\" alt=\"\" width=\"680\" height=\"709\" srcset=\"https:\/\/diarioregionaldigital.com.br\/wp-content\/uploads\/2018\/09\/fotocc-e1536182070348.jpg 766w, https:\/\/diarioregionaldigital.com.br\/wp-content\/uploads\/2018\/09\/fotocc-e1536182070348-288x300.jpg 288w, https:\/\/diarioregionaldigital.com.br\/wp-content\/uploads\/2018\/09\/fotocc-e1536182070348-360x376.jpg 360w\" sizes=\"auto, (max-width: 680px) 100vw, 680px\" \/><p id=\"caption-attachment-117854\" class=\"wp-caption-text\">O lock moderno do cabeleireiro top Leandro Calixto<\/p><\/div>\n<div id=\"attachment_117851\" style=\"width: 690px\" class=\"wp-caption aligncenter\"><img loading=\"lazy\" decoding=\"async\" aria-describedby=\"caption-attachment-117851\" class=\"wp-image-117851\" src=\"https:\/\/diarioregionaldigital.com.br\/wp-content\/uploads\/2018\/09\/fotoaa-2-e1536182016672.jpg\" alt=\"\" width=\"680\" height=\"595\" srcset=\"https:\/\/diarioregionaldigital.com.br\/wp-content\/uploads\/2018\/09\/fotoaa-2-e1536182016672.jpg 768w, https:\/\/diarioregionaldigital.com.br\/wp-content\/uploads\/2018\/09\/fotoaa-2-e1536182016672-300x263.jpg 300w, https:\/\/diarioregionaldigital.com.br\/wp-content\/uploads\/2018\/09\/fotoaa-2-e1536182016672-685x600.jpg 685w, https:\/\/diarioregionaldigital.com.br\/wp-content\/uploads\/2018\/09\/fotoaa-2-e1536182016672-360x315.jpg 360w\" sizes=\"auto, (max-width: 680px) 100vw, 680px\" \/><p id=\"caption-attachment-117851\" class=\"wp-caption-text\">Aniversariante de destaque da semana, a bonita Renata Hirschberg<\/p><\/div>\n<div id=\"attachment_117852\" style=\"width: 690px\" class=\"wp-caption aligncenter\"><img loading=\"lazy\" decoding=\"async\" aria-describedby=\"caption-attachment-117852\" class=\"wp-image-117852\" src=\"https:\/\/diarioregionaldigital.com.br\/wp-content\/uploads\/2018\/09\/fotob-2.jpg\" alt=\"\" width=\"680\" height=\"490\" srcset=\"https:\/\/diarioregionaldigital.com.br\/wp-content\/uploads\/2018\/09\/fotob-2.jpg 960w, https:\/\/diarioregionaldigital.com.br\/wp-content\/uploads\/2018\/09\/fotob-2-300x216.jpg 300w, https:\/\/diarioregionaldigital.com.br\/wp-content\/uploads\/2018\/09\/fotob-2-768x554.jpg 768w, https:\/\/diarioregionaldigital.com.br\/wp-content\/uploads\/2018\/09\/fotob-2-360x260.jpg 360w\" sizes=\"auto, (max-width: 680px) 100vw, 680px\" \/><p id=\"caption-attachment-117852\" class=\"wp-caption-text\">Na ASE durante a classificat\u00f3ria para a Rainha da Primavera 2018, J\u00fanior Pires, o coordenador Crys Santos e D\u00e9bora Carna\u00faba<\/p><\/div>\n<div id=\"attachment_117856\" style=\"width: 690px\" class=\"wp-caption aligncenter\"><img loading=\"lazy\" decoding=\"async\" aria-describedby=\"caption-attachment-117856\" class=\"wp-image-117856\" src=\"https:\/\/diarioregionaldigital.com.br\/wp-content\/uploads\/2018\/09\/fotoee-e1536182124847.jpg\" alt=\"\" width=\"680\" height=\"531\" srcset=\"https:\/\/diarioregionaldigital.com.br\/wp-content\/uploads\/2018\/09\/fotoee-e1536182124847.jpg 768w, https:\/\/diarioregionaldigital.com.br\/wp-content\/uploads\/2018\/09\/fotoee-e1536182124847-300x234.jpg 300w, https:\/\/diarioregionaldigital.com.br\/wp-content\/uploads\/2018\/09\/fotoee-e1536182124847-360x281.jpg 360w\" sizes=\"auto, (max-width: 680px) 100vw, 680px\" \/><p id=\"caption-attachment-117856\" class=\"wp-caption-text\">Enfeitando a tarde do Bob\u2019s, o lindo casal Luzimara Gon\u00e7alves e Welton Souza<\/p><\/div>\n<div id=\"attachment_117861\" style=\"width: 690px\" class=\"wp-caption aligncenter\"><img loading=\"lazy\" decoding=\"async\" aria-describedby=\"caption-attachment-117861\" class=\"wp-image-117861\" src=\"https:\/\/diarioregionaldigital.com.br\/wp-content\/uploads\/2018\/09\/fotof-2-e1536182176562.jpg\" alt=\"\" width=\"680\" height=\"446\" srcset=\"https:\/\/diarioregionaldigital.com.br\/wp-content\/uploads\/2018\/09\/fotof-2-e1536182176562.jpg 914w, https:\/\/diarioregionaldigital.com.br\/wp-content\/uploads\/2018\/09\/fotof-2-e1536182176562-300x197.jpg 300w, https:\/\/diarioregionaldigital.com.br\/wp-content\/uploads\/2018\/09\/fotof-2-e1536182176562-768x504.jpg 768w, https:\/\/diarioregionaldigital.com.br\/wp-content\/uploads\/2018\/09\/fotof-2-e1536182176562-360x236.jpg 360w\" sizes=\"auto, (max-width: 680px) 100vw, 680px\" \/><p id=\"caption-attachment-117861\" class=\"wp-caption-text\">O top estilista Rafael Matioli esnobando talento e modernidade<\/p><\/div>\n<div id=\"attachment_117855\" style=\"width: 690px\" class=\"wp-caption aligncenter\"><img loading=\"lazy\" decoding=\"async\" aria-describedby=\"caption-attachment-117855\" class=\"wp-image-117855\" src=\"https:\/\/diarioregionaldigital.com.br\/wp-content\/uploads\/2018\/09\/fotodd-e1536182090827.jpg\" alt=\"\" width=\"680\" height=\"475\" srcset=\"https:\/\/diarioregionaldigital.com.br\/wp-content\/uploads\/2018\/09\/fotodd-e1536182090827.jpg 859w, https:\/\/diarioregionaldigital.com.br\/wp-content\/uploads\/2018\/09\/fotodd-e1536182090827-300x210.jpg 300w, https:\/\/diarioregionaldigital.com.br\/wp-content\/uploads\/2018\/09\/fotodd-e1536182090827-768x536.jpg 768w, https:\/\/diarioregionaldigital.com.br\/wp-content\/uploads\/2018\/09\/fotodd-e1536182090827-360x251.jpg 360w, https:\/\/diarioregionaldigital.com.br\/wp-content\/uploads\/2018\/09\/fotodd-e1536182090827-100x70.jpg 100w\" sizes=\"auto, (max-width: 680px) 100vw, 680px\" \/><p id=\"caption-attachment-117855\" class=\"wp-caption-text\">Na semana da Educa\u00e7\u00e3o F\u00edsica, o destaque em Cabo Frio (RJ) Carlos Queiros, personal de astros e estrelas<\/p><\/div>\n<div id=\"attachment_117858\" style=\"width: 690px\" class=\"wp-caption aligncenter\"><img loading=\"lazy\" decoding=\"async\" aria-describedby=\"caption-attachment-117858\" class=\"wp-image-117858\" src=\"https:\/\/diarioregionaldigital.com.br\/wp-content\/uploads\/2018\/09\/fotoi-2-e1536182145444.jpg\" alt=\"\" width=\"680\" height=\"463\" srcset=\"https:\/\/diarioregionaldigital.com.br\/wp-content\/uploads\/2018\/09\/fotoi-2-e1536182145444.jpg 1544w, https:\/\/diarioregionaldigital.com.br\/wp-content\/uploads\/2018\/09\/fotoi-2-e1536182145444-300x204.jpg 300w, https:\/\/diarioregionaldigital.com.br\/wp-content\/uploads\/2018\/09\/fotoi-2-e1536182145444-768x523.jpg 768w, https:\/\/diarioregionaldigital.com.br\/wp-content\/uploads\/2018\/09\/fotoi-2-e1536182145444-1024x698.jpg 1024w, https:\/\/diarioregionaldigital.com.br\/wp-content\/uploads\/2018\/09\/fotoi-2-e1536182145444-360x245.jpg 360w\" sizes=\"auto, (max-width: 680px) 100vw, 680px\" \/><p id=\"caption-attachment-117858\" class=\"wp-caption-text\">A Banda Malibu em sintonia com Eduardo Gomes no coquetel da Nogueira Im\u00f3veis<\/p><\/div>\n<p style=\"text-align: center;\"><strong>FOTOSS\u00cdNTESE<\/strong><\/p>\n<p>Aniversariando na 5\u00aa feira, 6, a simp\u00e1tica mirim-estagi\u00e1ria do Sircom, Maria Beatriz Batista de Oliveira. Parab\u00e9ns<\/p>\n<p>Para o bel\u00edssimo show \u201cSandra Portella canta Clara Nunes\u201d, dia 19 de setembro, no Teatro Jo\u00e3o Caetano, no Rio de Janeiro, haver\u00e1 participa\u00e7\u00f5es de Rildo Hora, Marquinho do Pandeiro (Velha Guarda da Portela) e o espetacular Milton Cunha.<\/p>\n<p>O bonit\u00e3o Carlos Vargas est\u00e1 em estado alfa. Foi aprovado no Mestrado em Literatura Brasileira pelo CES\/JF.<\/p>\n<p>Vai bombar no dia 14 de outubro o super evento beneficente \u201cFeijoada Samba e Caridade\u201d, de 12h \u00e0s 18h, no F\u00e1tima Buffet. No palco, Grupo RTS, Magno do Grupo Segredo, Ney Gerald, Rodrigo do Melhor Assim, Ronaldo Golfinho e a diva Sandra Portella. Entrada R$25, Bebidas \u00e0 parte e ingressos na Loja do Z\u00e9 Kodak.<\/p>\n<p>Afivelando as malas, a bonita Lu\u00edsa Werneck ex-aluna do Col\u00e9gio dos Jesu\u00edtas vai viajar para bem longe. Em Ottawa (USA), vai cursar ci\u00eancias avan\u00e7adas na Carleton University.<\/p>\n<p>Muita gente bonita marcou presen\u00e7a no Bar da F\u00e1brica para o lan\u00e7amento do EP da banda Contratempo. Em cena, m\u00fasicas autorais e repert\u00f3rio do t\u00fanel do tempo dos anos 80 e 90.<\/p>\n<p>O livro \u201cStella Matutina: sonhos e saudades\u201d, da escritora Angelina Nardy pode ser encontrado na Livraria D. Pedro II, by Jean Menezes do Carmo.<\/p>\n<p>A obra do novo HU deve ser retomada neste semestre. Somente o preju\u00edzo com a suspens\u00e3o da obra j\u00e1 supera a quantia de 1 milh\u00e3o. Estamos de olho!<\/p>\n<p>Com seu jeito \u201cVem comigo\u201d, MC Xuxu lan\u00e7ou novo clipe no qual leva mais de 20 bailarinos para o Cal\u00e7ad\u00e3o da Halfeld, a bandeira LGBT e uma sugest\u00e3o sem rodeios contra o preconceito: \u201cCuida do seu\u201d. Tudo sob orienta\u00e7\u00e3o e coreografada pelo grupo local Remiwl.<\/p>\n<p>Para absorver: \u201cUma das grandes armadilhas que temos no Ocidente \u00e9 nossa intelig\u00eancia, porque queremos saber o que sabemos\u201d (Baba Ram Dass). Bom dia.<\/p>\n","protected":false},"excerpt":{"rendered":"<p>Rainha da Primavera Tradicional concurso em Juiz de Fora, o Rainha da Primavera ASE 2018 vai acontecer no s\u00e1bado, \u00e0s 20h30, do dia 8 de setembro. Mulheres lindas estar\u00e3o desfilando depois de criteriosas duas fases classificat\u00f3rias. A produ\u00e7\u00e3o \u00e9 do estrelado Crys Santos da Ag\u00eancia Discovery. Este colunista estar\u00e1 integrando o honroso corpo de jurados. [&hellip;]<\/p>\n","protected":false},"author":96,"featured_media":117850,"comment_status":"closed","ping_status":"closed","sticky":false,"template":"","format":"standard","meta":{"footnotes":""},"categories":[264],"tags":[],"class_list":["post-117863","post","type-post","status-publish","format-standard","has-post-thumbnail","hentry","category-eduardo-gomes"],"_links":{"self":[{"href":"https:\/\/diarioregionaldigital.com.br\/index.php?rest_route=\/wp\/v2\/posts\/117863","targetHints":{"allow":["GET"]}}],"collection":[{"href":"https:\/\/diarioregionaldigital.com.br\/index.php?rest_route=\/wp\/v2\/posts"}],"about":[{"href":"https:\/\/diarioregionaldigital.com.br\/index.php?rest_route=\/wp\/v2\/types\/post"}],"author":[{"embeddable":true,"href":"https:\/\/diarioregionaldigital.com.br\/index.php?rest_route=\/wp\/v2\/users\/96"}],"replies":[{"embeddable":true,"href":"https:\/\/diarioregionaldigital.com.br\/index.php?rest_route=%2Fwp%2Fv2%2Fcomments&post=117863"}],"version-history":[{"count":0,"href":"https:\/\/diarioregionaldigital.com.br\/index.php?rest_route=\/wp\/v2\/posts\/117863\/revisions"}],"wp:featuredmedia":[{"embeddable":true,"href":"https:\/\/diarioregionaldigital.com.br\/index.php?rest_route=\/wp\/v2\/media\/117850"}],"wp:attachment":[{"href":"https:\/\/diarioregionaldigital.com.br\/index.php?rest_route=%2Fwp%2Fv2%2Fmedia&parent=117863"}],"wp:term":[{"taxonomy":"category","embeddable":true,"href":"https:\/\/diarioregionaldigital.com.br\/index.php?rest_route=%2Fwp%2Fv2%2Fcategories&post=117863"},{"taxonomy":"post_tag","embeddable":true,"href":"https:\/\/diarioregionaldigital.com.br\/index.php?rest_route=%2Fwp%2Fv2%2Ftags&post=117863"}],"curies":[{"name":"wp","href":"https:\/\/api.w.org\/{rel}","templated":true}]}}