{"id":117662,"date":"2018-09-04T13:56:21","date_gmt":"2018-09-04T16:56:21","guid":{"rendered":"https:\/\/diarioregionaldigital.com.br\/?p=117662"},"modified":"2018-09-04T13:56:21","modified_gmt":"2018-09-04T16:56:21","slug":"tse-nega-resposta-a-bolsonaro-por-video-usado-em-campanha-de-alckmin","status":"publish","type":"post","link":"https:\/\/diarioregionaldigital.com.br\/?p=117662","title":{"rendered":"TSE nega resposta a Bolsonaro por v\u00eddeo usado em campanha de Alckmin"},"content":{"rendered":"<p>O ministro Sergio Banhos, do Tribunal Superior Eleitoral (TSE), negou pedido de resposta de Jair Bolsonaro, candidato do PSL \u00e0 Presid\u00eancia, a Geraldo Alckmin, candidato do PSDB, em fun\u00e7\u00e3o de um v\u00eddeo no qual o deputado aparece hostilizando duas mulheres.<\/p>\n<p>No v\u00eddeo veiculado na TV pela campanha de Alckmin, Bolsonaro aparece na C\u00e2mara dos Deputados discutindo com a deputada Maria do Ros\u00e1rio (PT-RS) e com uma jornalista. Ele xinga as duas mulheres e amea\u00e7a agredir fisicamente a deputada. Ao final, a propaganda questiona o telespectador: \u201cVoc\u00ea gostaria de <span id=\"OBJ_PREFIX_DWT2432_com_zimbra_date\" role=\"link\">ter<\/span> um presidente que trata as mulheres como o Bolsonaro trata?\u201d.<\/p>\n<p>A defesa de Bolsonaro alegou que a propaganda desvirtua o verdadeiro comportamento do candidato e usa falas suas fora de contexto, tendo como \u00fanico intuito prejudicar o advers\u00e1rio por meio de ataques diretos, sem fazer proposta de campanha, o que seria vedado pela legisla\u00e7\u00e3o eleitoral.<\/p>\n<p>O ministro Sergio Banhos, no entanto, julgou que \u201cn\u00e3o se verificam, na propaganda eleitoral impugnada, as irregularidades apontadas pelos representantes\u201d. Ao negar a liminar (decis\u00e3o provis\u00f3ria) a Bolsonaro, ele considerou que a propaganda de Alckmin est\u00e1 protegida pelo princ\u00edpio da liberdade de express\u00e3o.<\/p>\n<p>\u201cIsso porque a propaganda impugnada exp\u00f5e acontecimento amplamente divulgado pela m\u00eddia nacional e que, embora possa representar uma m\u00e1cula na imagem do candidato, traduz fatos efetivamente ocorridos, imagens reais e amplamente divulgadas, j\u00e1 conhecidas, portanto, da popula\u00e7\u00e3o, inclusive com repercuss\u00e3o judicial em raz\u00e3o do ajuizamento de a\u00e7\u00e3o penal no STF\u201d, escreveu o ministro.<\/p>\n<p>Em uma <span id=\"OBJ_PREFIX_DWT2507_com_zimbra_date\" role=\"link\">segunda<\/span> decis\u00e3o, Banhos tamb\u00e9m negou direito de resposta a Bolsonaro em fun\u00e7\u00e3o de um trecho de uma propaganda de Alckmin no r\u00e1dio em que o candidato do PSL \u00e9 apresentado como sendo &#8220;contra os pobres&#8221;. Na pe\u00e7a, \u00e9 usada uma fala de Bolsonaro em que ele se diz orgulhoso de <span id=\"OBJ_PREFIX_DWT2508_com_zimbra_date\" role=\"link\">ter<\/span> votado duas vezes contra a emenda constitucional que conferiu direitos trabalhistas \u00e0s empregadas<span id=\"OBJ_PREFIX_DWT2509_com_zimbra_date\" role=\"link\">dom<\/span>\u00e9sticas.<\/p>\n<p>&nbsp;<\/p>\n<p>Fonte: Ag\u00eancia Brasil<\/p>\n","protected":false},"excerpt":{"rendered":"<p>O ministro Sergio Banhos, do Tribunal Superior Eleitoral (TSE), negou pedido de resposta de Jair Bolsonaro, candidato do PSL \u00e0 Presid\u00eancia, a Geraldo Alckmin, candidato do PSDB, em fun\u00e7\u00e3o de um v\u00eddeo no qual o deputado aparece hostilizando duas mulheres. No v\u00eddeo veiculado na TV pela campanha de Alckmin, Bolsonaro aparece na C\u00e2mara dos Deputados [&hellip;]<\/p>\n","protected":false},"author":96,"featured_media":117663,"comment_status":"closed","ping_status":"closed","sticky":false,"template":"","format":"standard","meta":{"footnotes":""},"categories":[254,439],"tags":[],"class_list":["post-117662","post","type-post","status-publish","format-standard","has-post-thumbnail","hentry","category-politica","category-ultima-hora"],"_links":{"self":[{"href":"https:\/\/diarioregionaldigital.com.br\/index.php?rest_route=\/wp\/v2\/posts\/117662","targetHints":{"allow":["GET"]}}],"collection":[{"href":"https:\/\/diarioregionaldigital.com.br\/index.php?rest_route=\/wp\/v2\/posts"}],"about":[{"href":"https:\/\/diarioregionaldigital.com.br\/index.php?rest_route=\/wp\/v2\/types\/post"}],"author":[{"embeddable":true,"href":"https:\/\/diarioregionaldigital.com.br\/index.php?rest_route=\/wp\/v2\/users\/96"}],"replies":[{"embeddable":true,"href":"https:\/\/diarioregionaldigital.com.br\/index.php?rest_route=%2Fwp%2Fv2%2Fcomments&post=117662"}],"version-history":[{"count":0,"href":"https:\/\/diarioregionaldigital.com.br\/index.php?rest_route=\/wp\/v2\/posts\/117662\/revisions"}],"wp:featuredmedia":[{"embeddable":true,"href":"https:\/\/diarioregionaldigital.com.br\/index.php?rest_route=\/wp\/v2\/media\/117663"}],"wp:attachment":[{"href":"https:\/\/diarioregionaldigital.com.br\/index.php?rest_route=%2Fwp%2Fv2%2Fmedia&parent=117662"}],"wp:term":[{"taxonomy":"category","embeddable":true,"href":"https:\/\/diarioregionaldigital.com.br\/index.php?rest_route=%2Fwp%2Fv2%2Fcategories&post=117662"},{"taxonomy":"post_tag","embeddable":true,"href":"https:\/\/diarioregionaldigital.com.br\/index.php?rest_route=%2Fwp%2Fv2%2Ftags&post=117662"}],"curies":[{"name":"wp","href":"https:\/\/api.w.org\/{rel}","templated":true}]}}