{"id":117658,"date":"2018-09-04T13:31:08","date_gmt":"2018-09-04T16:31:08","guid":{"rendered":"https:\/\/diarioregionaldigital.com.br\/?p=117658"},"modified":"2018-09-04T13:32:25","modified_gmt":"2018-09-04T16:32:25","slug":"prefeitura-de-pirapetinga-abre-inscricoes-para-concurso-publico-para-niveis-fundamental-e-superior","status":"publish","type":"post","link":"https:\/\/diarioregionaldigital.com.br\/?p=117658","title":{"rendered":"Prefeitura de Pirapetinga abre inscri\u00e7\u00f5es para concurso p\u00fablico para n\u00edveis fundamental e superior"},"content":{"rendered":"<p>A Prefeitura de Pirapetinga, Minas Gerais, atrav\u00e9s do Instituto Nacional de Concurso P\u00fablico (INCP), publicou retifica\u00e7\u00f5es no edital do seu respectivo concurso 01\/2018. A \u00faltima informa\u00e7\u00e3o \u00e9 de que as vagas para Professor Municipal I (1\u00ba ao 5\u00ba ano) foram exclu\u00eddas, o que reduziu o n\u00famero total de vagas para 22.<\/p>\n<p>Este concurso abre oportunidades para os seguintes cargos de n\u00edveis fundamental e superior: Auxiliar de Servi\u00e7os, Coveiro, Mec\u00e2nico, Motorista, Operador de M\u00e1quinas, Professor Municipal II Matem\u00e1tica, Professor Municipal II Portugu\u00eas, Professor Municipal II Ingl\u00eas, Professor Municipal II Ci\u00eancias, Professor Municipal II Hist\u00f3ria, Professor Municipal II Geografia e Professor Municipal II Artes.<\/p>\n<p>De acordo com o edital os vencimentos b\u00e1sicos variam entre R$ 1.046,60 e R$ 2.064,28. Para os cargos de n\u00edvel fundamental a jornada de trabalho \u00e9 de 40 horas semanais. J\u00e1 para as fun\u00e7\u00f5es de professor (n\u00edvel superior) a jornada \u00e9 de 27 horas semanais.<\/p>\n<p><strong>Inscri\u00e7\u00f5es<\/strong><\/p>\n<p>As inscri\u00e7\u00f5es poder\u00e3o ser realizadas entre\u00a028 de agosto a 28 de setembro de 2018\u00a0atrav\u00e9s do endere\u00e7o eletr\u00f4nico da organizadora\u00a0www.incpconcursos.org.br. A taxa de inscri\u00e7\u00e3o ser\u00e1 de R$ 50,00 para os cargos n\u00edvel fundamental e R$ 80,00 para as vagas de professor.<\/p>\n<p><strong>Provas<\/strong><\/p>\n<p>O certame ser\u00e1 composto de prova objetiva, prova pr\u00e1tica e prova de t\u00edtulos. As provas pr\u00e1ticas ser\u00e3o para os cargos de Motorista de Ve\u00edculos, Operador de M\u00e1quinas, Auxiliar de Servi\u00e7os e Coveiro, e a prova de t\u00edtulos ser\u00e1 aplicada aos candidatos \u00e0s ocupa\u00e7\u00f5es de Professor.<\/p>\n<p>O Concurso P\u00fablico do Munic\u00edpio de Pirapetinga ter\u00e1 validade de dois anos, a contar da data de publica\u00e7\u00e3o da homologa\u00e7\u00e3o do resultado final, prorrog\u00e1vel uma vez, a crit\u00e9rio da Administra\u00e7\u00e3o P\u00fablica, por igual per\u00edodo.<\/p>\n<p>Fonte: Concursos Brasil<\/p>\n","protected":false},"excerpt":{"rendered":"<p>A Prefeitura de Pirapetinga, Minas Gerais, atrav\u00e9s do Instituto Nacional de Concurso P\u00fablico (INCP), publicou retifica\u00e7\u00f5es no edital do seu respectivo concurso 01\/2018. A \u00faltima informa\u00e7\u00e3o \u00e9 de que as vagas para Professor Municipal I (1\u00ba ao 5\u00ba ano) foram exclu\u00eddas, o que reduziu o n\u00famero total de vagas para 22. Este concurso abre oportunidades [&hellip;]<\/p>\n","protected":false},"author":96,"featured_media":117659,"comment_status":"closed","ping_status":"closed","sticky":false,"template":"","format":"standard","meta":{"footnotes":""},"categories":[280,439],"tags":[],"class_list":["post-117658","post","type-post","status-publish","format-standard","has-post-thumbnail","hentry","category-concurso","category-ultima-hora"],"_links":{"self":[{"href":"https:\/\/diarioregionaldigital.com.br\/index.php?rest_route=\/wp\/v2\/posts\/117658","targetHints":{"allow":["GET"]}}],"collection":[{"href":"https:\/\/diarioregionaldigital.com.br\/index.php?rest_route=\/wp\/v2\/posts"}],"about":[{"href":"https:\/\/diarioregionaldigital.com.br\/index.php?rest_route=\/wp\/v2\/types\/post"}],"author":[{"embeddable":true,"href":"https:\/\/diarioregionaldigital.com.br\/index.php?rest_route=\/wp\/v2\/users\/96"}],"replies":[{"embeddable":true,"href":"https:\/\/diarioregionaldigital.com.br\/index.php?rest_route=%2Fwp%2Fv2%2Fcomments&post=117658"}],"version-history":[{"count":0,"href":"https:\/\/diarioregionaldigital.com.br\/index.php?rest_route=\/wp\/v2\/posts\/117658\/revisions"}],"wp:featuredmedia":[{"embeddable":true,"href":"https:\/\/diarioregionaldigital.com.br\/index.php?rest_route=\/wp\/v2\/media\/117659"}],"wp:attachment":[{"href":"https:\/\/diarioregionaldigital.com.br\/index.php?rest_route=%2Fwp%2Fv2%2Fmedia&parent=117658"}],"wp:term":[{"taxonomy":"category","embeddable":true,"href":"https:\/\/diarioregionaldigital.com.br\/index.php?rest_route=%2Fwp%2Fv2%2Fcategories&post=117658"},{"taxonomy":"post_tag","embeddable":true,"href":"https:\/\/diarioregionaldigital.com.br\/index.php?rest_route=%2Fwp%2Fv2%2Ftags&post=117658"}],"curies":[{"name":"wp","href":"https:\/\/api.w.org\/{rel}","templated":true}]}}