{"id":117652,"date":"2018-09-04T12:47:12","date_gmt":"2018-09-04T15:47:12","guid":{"rendered":"https:\/\/diarioregionaldigital.com.br\/?p=117652"},"modified":"2018-09-04T12:50:01","modified_gmt":"2018-09-04T15:50:01","slug":"gasto-da-uniao-no-museu-nacional-caiu-mais-de-dez-vezes-desde-2011","status":"publish","type":"post","link":"https:\/\/diarioregionaldigital.com.br\/?p=117652","title":{"rendered":"Gasto da Uni\u00e3o no Museu Nacional caiu mais de dez vezes desde 2011"},"content":{"rendered":"<p>Os valores pagos pela Uni\u00e3o para o total de despesas do Museu Nacional, no Rio de Janeiro, ca\u00edram mais de dez vezes de 2011 a 2018, conforme estudo da ONG Contas Abertas &#8211; feito a partir de dados do Sistema Integrado de Administra\u00e7\u00e3o Financeira (Siafi) do Governo Federal.<\/p>\n<p>Naquele ano, foram pagos R$1.053.467,88, o maior valor desde 2001. At\u00e9 31 de agosto (sexta-feira passada), foram pagos R$98.115,34. Desse valor, R$17,8 mil foram gastos com \u201cinvestimentos\u201d e R$80,2 mil com \u201coutras despesas correntes\u201d.<\/p>\n<p><img loading=\"lazy\" decoding=\"async\" class=\"wp-image-117653 size-full alignleft\" src=\"https:\/\/diarioregionaldigital.com.br\/wp-content\/uploads\/2018\/09\/tabela_museu_vale_esta.png\" alt=\"\" width=\"365\" height=\"561\" srcset=\"https:\/\/diarioregionaldigital.com.br\/wp-content\/uploads\/2018\/09\/tabela_museu_vale_esta.png 365w, https:\/\/diarioregionaldigital.com.br\/wp-content\/uploads\/2018\/09\/tabela_museu_vale_esta-195x300.png 195w, https:\/\/diarioregionaldigital.com.br\/wp-content\/uploads\/2018\/09\/tabela_museu_vale_esta-360x553.png 360w\" sizes=\"auto, (max-width: 365px) 100vw, 365px\" \/><\/p>\n<p>Conforme detalhamento do Siafi, nenhum real foi gasto este ano com aquisi\u00e7\u00e3o de \u201cequipamento de prote\u00e7\u00e3o seguran\u00e7a e socorro\u201d; \u201cmaterial de prote\u00e7\u00e3o e seguran\u00e7a\u201d; \u201cmaterial el\u00e9trico e eletr\u00f4nico\u201d; \u201cmaterial para manuten\u00e7\u00e3o de bens im\u00f3veis\/instala\u00e7\u00f5es\u201d; ou \u201cseguros em geral\u201d para o museu que pegou fogo no domingo, 2, \u00e0 noite.<\/p>\n<p>Para a muse\u00f3loga e professora da Universidade de Bras\u00edlia (UnB), Andrea Considera, o inc\u00eandio do Museu Nacional \u201cilustra e perpassa todas hist\u00f3rias de museus e institui\u00e7\u00f5es sociais no Brasil\u201d. Para ela, \u201ca quest\u00e3o n\u00e3o \u00e9 a falta de recursos, dinheiro sempre existe, mas a prioridade da sociedade\u201d.<\/p>\n<p>No ano passado, o governo federal gastou R$643,5 mil com o Museu Nacional. O valor \u00e9 quase um milh\u00e3o a menos do que foi gasto pela Uni\u00e3o (R$1,607 milh\u00e3o) com ve\u00edculos &#8211; incluindo ambul\u00e2ncias, carros de combate e despesas com pagamento de ped\u00e1gios e IPVA.<\/p>\n<p>O governo federal anunciou mobiliza\u00e7\u00e3o para recuperar o Museu Nacional, mas a muse\u00f3loga Andrea Considera questiona: \u201cReconstruir o pr\u00e9dio para qual acervo? Que cole\u00e7\u00f5es guardaremos l\u00e1 dentro?\u201d.<\/p>\n<p>Questionada sobre os recursos destinados ao Museu Nacional, ligado \u00e0 Universidade Federal do Rio de Janeiro (UFRJ), a secret\u00e1ria-executiva do Minist\u00e9rio da Fazenda, Ana Paula Vescovi, apontou que o or\u00e7amento da universidade aumentou 15% nominalmente entre 2015 e 2017. \u201cTemos que fazer discuss\u00e3o tanto sobre aloca\u00e7\u00e3o, prioridades, mas tamb\u00e9m discuss\u00e3o sobre poss\u00edveis espa\u00e7os para que tenhamos boas parcerias com setor privado para poder fazer a guarda desse patrim\u00f4nio que \u00e9 t\u00e3o valoroso para todos os brasileiros\u201d, afirmou, durante Congresso de Mercado de Capitais, na capital paulista.<\/p>\n<p>O \u201cPlano 200 anos do Museu Nacional\/1818-2018\u201d, apresentado em novembro de 2016, pela dire\u00e7\u00e3o do museu \u00e0 Reitoria da Universidade Federal do Rio de janeiro (UFRJ) previa o patroc\u00ednio de R$ 2,3 milh\u00f5es do Banco Nacional de Desenvolvimento Econ\u00f4mico e Social (BNDES) para \u201cinstala\u00e7\u00e3o efetiva do Sistema de Seguran\u00e7a contra inc\u00eandio e p\u00e2nico\u201d.<\/p>\n<p>&nbsp;<\/p>\n<p>Fonte: Ag\u00eancia Brasil<\/p>\n","protected":false},"excerpt":{"rendered":"<p>Os valores pagos pela Uni\u00e3o para o total de despesas do Museu Nacional, no Rio de Janeiro, ca\u00edram mais de dez vezes de 2011 a 2018, conforme estudo da ONG Contas Abertas &#8211; feito a partir de dados do Sistema Integrado de Administra\u00e7\u00e3o Financeira (Siafi) do Governo Federal. Naquele ano, foram pagos R$1.053.467,88, o maior [&hellip;]<\/p>\n","protected":false},"author":96,"featured_media":117656,"comment_status":"closed","ping_status":"closed","sticky":false,"template":"","format":"standard","meta":{"footnotes":""},"categories":[436,261],"tags":[],"class_list":["post-117652","post","type-post","status-publish","format-standard","has-post-thumbnail","hentry","category-destaque-da-semana","category-economia"],"_links":{"self":[{"href":"https:\/\/diarioregionaldigital.com.br\/index.php?rest_route=\/wp\/v2\/posts\/117652","targetHints":{"allow":["GET"]}}],"collection":[{"href":"https:\/\/diarioregionaldigital.com.br\/index.php?rest_route=\/wp\/v2\/posts"}],"about":[{"href":"https:\/\/diarioregionaldigital.com.br\/index.php?rest_route=\/wp\/v2\/types\/post"}],"author":[{"embeddable":true,"href":"https:\/\/diarioregionaldigital.com.br\/index.php?rest_route=\/wp\/v2\/users\/96"}],"replies":[{"embeddable":true,"href":"https:\/\/diarioregionaldigital.com.br\/index.php?rest_route=%2Fwp%2Fv2%2Fcomments&post=117652"}],"version-history":[{"count":0,"href":"https:\/\/diarioregionaldigital.com.br\/index.php?rest_route=\/wp\/v2\/posts\/117652\/revisions"}],"wp:featuredmedia":[{"embeddable":true,"href":"https:\/\/diarioregionaldigital.com.br\/index.php?rest_route=\/wp\/v2\/media\/117656"}],"wp:attachment":[{"href":"https:\/\/diarioregionaldigital.com.br\/index.php?rest_route=%2Fwp%2Fv2%2Fmedia&parent=117652"}],"wp:term":[{"taxonomy":"category","embeddable":true,"href":"https:\/\/diarioregionaldigital.com.br\/index.php?rest_route=%2Fwp%2Fv2%2Fcategories&post=117652"},{"taxonomy":"post_tag","embeddable":true,"href":"https:\/\/diarioregionaldigital.com.br\/index.php?rest_route=%2Fwp%2Fv2%2Ftags&post=117652"}],"curies":[{"name":"wp","href":"https:\/\/api.w.org\/{rel}","templated":true}]}}