{"id":117640,"date":"2018-09-04T11:42:02","date_gmt":"2018-09-04T14:42:02","guid":{"rendered":"https:\/\/diarioregionaldigital.com.br\/?p=117640"},"modified":"2018-09-04T11:42:02","modified_gmt":"2018-09-04T14:42:02","slug":"mulher-e-morta-a-tijoladas-pelo-companheiro-em-alem-paraiba","status":"publish","type":"post","link":"https:\/\/diarioregionaldigital.com.br\/?p=117640","title":{"rendered":"Mulher \u00e9 morta a tijoladas pelo companheiro em Al\u00e9m Para\u00edba"},"content":{"rendered":"<p>Uma mulher de 28 anos foi v\u00edtima de um assassinato brutal, na cidade de Al\u00e9m Para\u00edba. Ela foi violentamente agredida com tijoladas e estrangulada, na casa onde vivia com o companheiro de 21 anos que est\u00e1 preso e, segundo a Pol\u00edcia Militar (PM), confessou o crime b\u00e1rbaro.<\/p>\n<p>Segundo informa\u00e7\u00f5es constantes no Boletim de Ocorr\u00eancia (B.O.) da PM, o homic\u00eddio aconteceu durante a madrugada dessa segunda-feira, 3, no bairro Cip\u00f3, e j\u00e1 no in\u00edcio da manh\u00e3 um irm\u00e3o do suspeito telefonou para o 190 e informou que o rapaz havia confessado ter matado a am\u00e1sia e que estava em sua resid\u00eancia.<\/p>\n<p>Militares foram ao endere\u00e7o do casal e encontraram a v\u00edtima sem sinais vitais, sendo seu \u00f3bito confirmado por uma equipe do Samu.<\/p>\n<p>Em seguida, o jovem de 21 anos foi preso na casa dos pais. Conforme o registro da PM, ele confirmou que matou sua companheira, detalhando que a agrediu com tijoladas e que tamb\u00e9m a estrangulou com o golpe conhecido popularmente como \u201cgravata\u201d.<\/p>\n<p>A Pol\u00edcia Civil (PC) periciou a cena do crime e ir\u00e1 investigar o caso.<\/p>\n<p>Fonte: R\u00e1dio Muria\u00e9<\/p>\n<p>&nbsp;<\/p>\n","protected":false},"excerpt":{"rendered":"<p>Uma mulher de 28 anos foi v\u00edtima de um assassinato brutal, na cidade de Al\u00e9m Para\u00edba. Ela foi violentamente agredida com tijoladas e estrangulada, na casa onde vivia com o companheiro de 21 anos que est\u00e1 preso e, segundo a Pol\u00edcia Militar (PM), confessou o crime b\u00e1rbaro. Segundo informa\u00e7\u00f5es constantes no Boletim de Ocorr\u00eancia (B.O.) [&hellip;]<\/p>\n","protected":false},"author":96,"featured_media":117642,"comment_status":"closed","ping_status":"closed","sticky":false,"template":"","format":"standard","meta":{"footnotes":""},"categories":[252,439],"tags":[],"class_list":["post-117640","post","type-post","status-publish","format-standard","has-post-thumbnail","hentry","category-regiao","category-ultima-hora"],"_links":{"self":[{"href":"https:\/\/diarioregionaldigital.com.br\/index.php?rest_route=\/wp\/v2\/posts\/117640","targetHints":{"allow":["GET"]}}],"collection":[{"href":"https:\/\/diarioregionaldigital.com.br\/index.php?rest_route=\/wp\/v2\/posts"}],"about":[{"href":"https:\/\/diarioregionaldigital.com.br\/index.php?rest_route=\/wp\/v2\/types\/post"}],"author":[{"embeddable":true,"href":"https:\/\/diarioregionaldigital.com.br\/index.php?rest_route=\/wp\/v2\/users\/96"}],"replies":[{"embeddable":true,"href":"https:\/\/diarioregionaldigital.com.br\/index.php?rest_route=%2Fwp%2Fv2%2Fcomments&post=117640"}],"version-history":[{"count":0,"href":"https:\/\/diarioregionaldigital.com.br\/index.php?rest_route=\/wp\/v2\/posts\/117640\/revisions"}],"wp:featuredmedia":[{"embeddable":true,"href":"https:\/\/diarioregionaldigital.com.br\/index.php?rest_route=\/wp\/v2\/media\/117642"}],"wp:attachment":[{"href":"https:\/\/diarioregionaldigital.com.br\/index.php?rest_route=%2Fwp%2Fv2%2Fmedia&parent=117640"}],"wp:term":[{"taxonomy":"category","embeddable":true,"href":"https:\/\/diarioregionaldigital.com.br\/index.php?rest_route=%2Fwp%2Fv2%2Fcategories&post=117640"},{"taxonomy":"post_tag","embeddable":true,"href":"https:\/\/diarioregionaldigital.com.br\/index.php?rest_route=%2Fwp%2Fv2%2Ftags&post=117640"}],"curies":[{"name":"wp","href":"https:\/\/api.w.org\/{rel}","templated":true}]}}