{"id":117628,"date":"2018-09-04T09:56:15","date_gmt":"2018-09-04T12:56:15","guid":{"rendered":"https:\/\/diarioregionaldigital.com.br\/?p=117628"},"modified":"2018-09-04T09:56:15","modified_gmt":"2018-09-04T12:56:15","slug":"novatos-na-selecao-everton-e-paqueta-elogiam-recepcao","status":"publish","type":"post","link":"https:\/\/diarioregionaldigital.com.br\/?p=117628","title":{"rendered":"Novatos na Sele\u00e7\u00e3o, Everton e Paquet\u00e1 elogiam recep\u00e7\u00e3o"},"content":{"rendered":"<p>Dois dos destaques do\u00a0Campeonato Brasileiro concederam entrevista coletiva nesta segunda-feira, nos Estados Unidos, pela Sele\u00e7\u00e3o Brasileira. Everton, do Gr\u00eamio\u00a0e Lucas Paquet\u00e1, jogador do\u00a0Flamengo\u00a0falaram a respeito do j\u00e1 tradicional trote entre os jogadores novatos do Brasil.<\/p>\n<p>\u201c\u00c9 bom n\u00e3o ser o \u00fanico novato. Cantar junto na prenda \u00e9 melhor do que cantar sozinho. Receberam bem a gente e esperamos trabalhar muito para permanecer\u201d, afirmou o camisa 11 do Flamengo.<\/p>\n<p>Ainda antes do primeiro treino em solo norte-americano, os atletas ressaltaram que querem ajudar a Sele\u00e7\u00e3o, independentemente da posi\u00e7\u00e3o em que atuarem. Everton, frisou a versatilidade no ataque.<\/p>\n<p>\u201cFutebol de hoje em dia enaltece a versatilidade do ataque, atuar dos dois lados do campo, por dentro, falso 9. Estou pronto, preparado para que o professor precisar. De ambos os lados temos op\u00e7\u00f5es de alto n\u00edvel e quero aprender com eles\u201d, disse o atacante gremista.<\/p>\n<p>Em compensa\u00e7\u00e3o, Paquet\u00e1 gosta de atuar em todas as posi\u00e7\u00f5es do meio-campo, seja aberto ou centralizado. \u201cMe sinto mais confort\u00e1vel jogando no meio, seja direita ou pela esquerda. Mas ainda n\u00e3o conversei com Tite sobre posicionamento, ele apenas me ligou para dar os parab\u00e9ns\u201d, explicou.<\/p>\n<p>Nesta sexta-feira, o Brasil\u00a0\u00a0far\u00e1 amistoso contra os Estados Unidos \u00e0s 20h30 (hor\u00e1rio de Bras\u00edlia). No dia 11, a equipe comandada por Tite voltar\u00e1 aos gramados diante de El Salvador.<\/p>\n<p><strong>Fonte: CBF<\/strong><\/p>\n","protected":false},"excerpt":{"rendered":"<p>Dois dos destaques do\u00a0Campeonato Brasileiro concederam entrevista coletiva nesta segunda-feira, nos Estados Unidos, pela Sele\u00e7\u00e3o Brasileira. Everton, do Gr\u00eamio\u00a0e Lucas Paquet\u00e1, jogador do\u00a0Flamengo\u00a0falaram a respeito do j\u00e1 tradicional trote entre os jogadores novatos do Brasil. \u201c\u00c9 bom n\u00e3o ser o \u00fanico novato. Cantar junto na prenda \u00e9 melhor do que cantar sozinho. Receberam bem a [&hellip;]<\/p>\n","protected":false},"author":96,"featured_media":117629,"comment_status":"closed","ping_status":"closed","sticky":false,"template":"","format":"standard","meta":{"footnotes":""},"categories":[257,439],"tags":[],"class_list":["post-117628","post","type-post","status-publish","format-standard","has-post-thumbnail","hentry","category-esporte","category-ultima-hora"],"_links":{"self":[{"href":"https:\/\/diarioregionaldigital.com.br\/index.php?rest_route=\/wp\/v2\/posts\/117628","targetHints":{"allow":["GET"]}}],"collection":[{"href":"https:\/\/diarioregionaldigital.com.br\/index.php?rest_route=\/wp\/v2\/posts"}],"about":[{"href":"https:\/\/diarioregionaldigital.com.br\/index.php?rest_route=\/wp\/v2\/types\/post"}],"author":[{"embeddable":true,"href":"https:\/\/diarioregionaldigital.com.br\/index.php?rest_route=\/wp\/v2\/users\/96"}],"replies":[{"embeddable":true,"href":"https:\/\/diarioregionaldigital.com.br\/index.php?rest_route=%2Fwp%2Fv2%2Fcomments&post=117628"}],"version-history":[{"count":0,"href":"https:\/\/diarioregionaldigital.com.br\/index.php?rest_route=\/wp\/v2\/posts\/117628\/revisions"}],"wp:featuredmedia":[{"embeddable":true,"href":"https:\/\/diarioregionaldigital.com.br\/index.php?rest_route=\/wp\/v2\/media\/117629"}],"wp:attachment":[{"href":"https:\/\/diarioregionaldigital.com.br\/index.php?rest_route=%2Fwp%2Fv2%2Fmedia&parent=117628"}],"wp:term":[{"taxonomy":"category","embeddable":true,"href":"https:\/\/diarioregionaldigital.com.br\/index.php?rest_route=%2Fwp%2Fv2%2Fcategories&post=117628"},{"taxonomy":"post_tag","embeddable":true,"href":"https:\/\/diarioregionaldigital.com.br\/index.php?rest_route=%2Fwp%2Fv2%2Ftags&post=117628"}],"curies":[{"name":"wp","href":"https:\/\/api.w.org\/{rel}","templated":true}]}}