{"id":117625,"date":"2018-09-04T09:54:51","date_gmt":"2018-09-04T12:54:51","guid":{"rendered":"https:\/\/diarioregionaldigital.com.br\/?p=117625"},"modified":"2018-09-04T09:54:51","modified_gmt":"2018-09-04T12:54:51","slug":"marta-esta-entre-as-tres-finalistas-ao-premio-de-melhor-do-mundo","status":"publish","type":"post","link":"https:\/\/diarioregionaldigital.com.br\/?p=117625","title":{"rendered":"Marta est\u00e1 entre as tr\u00eas finalistas ao pr\u00eamio de melhor do mundo"},"content":{"rendered":"<p>A Fifa anunciou, nesta segunda-feira, 3, as tr\u00eas finalistas ao pr\u00eamio de melhor jogadora do mundo. Cinco vezes eleita e indicada em 14 oportunidades, a brasileira Marta est\u00e1 mais uma vez na disputa do trof\u00e9u. Concorrem com ela a norueguesa Ada Hegerberg e alem\u00e3 Dzsenifer Maroszan, ambas do Lyon, da Fran\u00e7a.<\/p>\n<p>Indicada 14 vezes ao pr\u00eamio, Marta foi eleita a melhor jogadora do mundo em 2006, 2007, 2008, 2009 e 2010, um recorde entre homens e mulheres. Revelada pelo Vasco em 2000, a jogadora defende atualmente as cores do Orlando Pride, dos Estados Unidos. Desde 2017 no clube, Marta soma 34 jogos e 15 gols marcados.<\/p>\n<p>A cerim\u00f4nia que anunciar\u00e1 os vencedores est\u00e1 marcada para o dia 24 de setembro, em Londres.<\/p>\n<p><strong>Fonte: CBF<\/strong><\/p>\n","protected":false},"excerpt":{"rendered":"<p>A Fifa anunciou, nesta segunda-feira, 3, as tr\u00eas finalistas ao pr\u00eamio de melhor jogadora do mundo. Cinco vezes eleita e indicada em 14 oportunidades, a brasileira Marta est\u00e1 mais uma vez na disputa do trof\u00e9u. Concorrem com ela a norueguesa Ada Hegerberg e alem\u00e3 Dzsenifer Maroszan, ambas do Lyon, da Fran\u00e7a. Indicada 14 vezes ao [&hellip;]<\/p>\n","protected":false},"author":96,"featured_media":117626,"comment_status":"closed","ping_status":"closed","sticky":false,"template":"","format":"standard","meta":{"footnotes":""},"categories":[257,439],"tags":[],"class_list":["post-117625","post","type-post","status-publish","format-standard","has-post-thumbnail","hentry","category-esporte","category-ultima-hora"],"_links":{"self":[{"href":"https:\/\/diarioregionaldigital.com.br\/index.php?rest_route=\/wp\/v2\/posts\/117625","targetHints":{"allow":["GET"]}}],"collection":[{"href":"https:\/\/diarioregionaldigital.com.br\/index.php?rest_route=\/wp\/v2\/posts"}],"about":[{"href":"https:\/\/diarioregionaldigital.com.br\/index.php?rest_route=\/wp\/v2\/types\/post"}],"author":[{"embeddable":true,"href":"https:\/\/diarioregionaldigital.com.br\/index.php?rest_route=\/wp\/v2\/users\/96"}],"replies":[{"embeddable":true,"href":"https:\/\/diarioregionaldigital.com.br\/index.php?rest_route=%2Fwp%2Fv2%2Fcomments&post=117625"}],"version-history":[{"count":0,"href":"https:\/\/diarioregionaldigital.com.br\/index.php?rest_route=\/wp\/v2\/posts\/117625\/revisions"}],"wp:featuredmedia":[{"embeddable":true,"href":"https:\/\/diarioregionaldigital.com.br\/index.php?rest_route=\/wp\/v2\/media\/117626"}],"wp:attachment":[{"href":"https:\/\/diarioregionaldigital.com.br\/index.php?rest_route=%2Fwp%2Fv2%2Fmedia&parent=117625"}],"wp:term":[{"taxonomy":"category","embeddable":true,"href":"https:\/\/diarioregionaldigital.com.br\/index.php?rest_route=%2Fwp%2Fv2%2Fcategories&post=117625"},{"taxonomy":"post_tag","embeddable":true,"href":"https:\/\/diarioregionaldigital.com.br\/index.php?rest_route=%2Fwp%2Fv2%2Ftags&post=117625"}],"curies":[{"name":"wp","href":"https:\/\/api.w.org\/{rel}","templated":true}]}}