{"id":117621,"date":"2018-09-04T09:53:16","date_gmt":"2018-09-04T12:53:16","guid":{"rendered":"https:\/\/diarioregionaldigital.com.br\/?p=117621"},"modified":"2018-09-04T09:53:16","modified_gmt":"2018-09-04T12:53:16","slug":"selecao-masculina-de-volei-e-superada-do-tie-break-e-fica-com-a-prata","status":"publish","type":"post","link":"https:\/\/diarioregionaldigital.com.br\/?p=117621","title":{"rendered":"Sele\u00e7\u00e3o Masculina de V\u00f4lei \u00e9 superada do Tie Break e fica com a prata"},"content":{"rendered":"<p>Foram quatro vit\u00f3rias em cinco jogos pela da Copa Pan-Americana de v\u00f4lei. Depois de tr\u00eas resultados positivos na fase classificat\u00f3ria e mais um na semifinal, a sele\u00e7\u00e3o brasileira masculina\u00a0 acabou superada pela Argentina na grande decis\u00e3o do campeonato que est\u00e1 sendo disputado em Veracruz, no M\u00e9xico. Neste domingo, 2, o grupo formado por jovens talentos do voleibol brasileiro sofreu o rev\u00e9s por 3 sets a 2 (27\/25, 17\/25, 22\/25, 27\/25 e 10\/15). Cuba venceu Porto Rico e ficou com a terceira coloca\u00e7\u00e3o do campeonato.<\/p>\n<p>Al\u00e9m da medalha de prata, dois jogadores do Brasil entraram para a sele\u00e7\u00e3o do campeonato. Fl\u00e1vio foi o melhor central e Alan foi eleito o melhor oposto e, ainda, encerrou a participa\u00e7\u00e3o como o maior pontuador da Copa Pan-Americana, com 93 pontos.<\/p>\n<p>\u201cO campeonato foi muito disputado jogo por jogo isso \u00e9 muito bom, principalmente para o time que est\u00e1 aqui. Estramos em um grupo mais novo, que veio para classificar o Brasil e para aprender, ganhar rodagem. Tenho certeza que todos n\u00f3s aprendemos bastante e na pr\u00f3xima competi\u00e7\u00e3o vamos estar ainda mais bem preparados\u201d, disse Alan, se referindo a classifica\u00e7\u00e3o para os Jogos Pan-Americanos de 2019, que ser\u00e3o em Lima, no Peru. Os cinco primeiros colocados da Copa Pan-Americana estariam garantidos na competi\u00e7\u00e3o.<\/p>\n<p>O central Fl\u00e1vio tamb\u00e9m analisou a partida. \u201cUm jogo de 3 a 2 \u00e9 sempre muito duro, disputado, e as duas sele\u00e7\u00f5es estavam muito bem. Foi uma partida realmente bem jogada. O que decidiu para o lado da Argentina foram os momentos de defini\u00e7\u00e3o, que eles foram melhores. No tie break, eles come\u00e7aram muito bem, abriram vantagem e, em um set curto, fica dif\u00edcil de buscar\u201d, comentou o jogador brasileiro, que tamb\u00e9m falou sobre estar na sele\u00e7\u00e3o do campeonato<\/p>\n<p>\u201cFiquei muito feliz com a premia\u00e7\u00e3o individual. \u00c9 o reconhecimento do trabalho que venho fazendo no clube e na sele\u00e7\u00e3o. \u00c9 algo que motiva para continuar o trabalho, especialmente depois de uma derrota, que n\u00e3o \u00e9 o que esperamos. Mas, sei que tem muito ch\u00e3o pela frente e vamos continuar trabalhando para buscar cada vez mais evoluir\u201d, complementou Fl\u00e1vio.<\/p>\n<p>O t\u00e9cnico Giovane G\u00e1vio destacou a oportunidade recebida por ele e por todos os jogadores nesta competi\u00e7\u00e3o.<\/p>\n<p>\u201cHoje, foi uma disputa bonita, mas com alguns erros que n\u00e3o poderiam acontecer, obviamente nos sets em que perdemos. Contra um time como a Argentina, que erra pouco, acabamos pagando um pre\u00e7o muito alto por isso. Mas, essa oportunidade foi muito importante. Uma pena n\u00e3o ter alcan\u00e7ado o lugar mais alto do p\u00f3dio, mas vamos todos aprendendo. Fica a alegria de ter tido essa chance, e agrade\u00e7o a oportunidade por essa miss\u00e3o\u201d, concluiu Giovane.<\/p>\n<p>A Copa Pan-Americana substituiu a Copa Am\u00e9rica em 2010 e o Brasil tem tr\u00eas t\u00edtulos na hist\u00f3ria: 2011, 2013 e 2015.<\/p>\n<p><strong>\u00a0<\/strong><\/p>\n<p><strong>Fonte: COB<\/strong><\/p>\n","protected":false},"excerpt":{"rendered":"<p>Foram quatro vit\u00f3rias em cinco jogos pela da Copa Pan-Americana de v\u00f4lei. Depois de tr\u00eas resultados positivos na fase classificat\u00f3ria e mais um na semifinal, a sele\u00e7\u00e3o brasileira masculina\u00a0 acabou superada pela Argentina na grande decis\u00e3o do campeonato que est\u00e1 sendo disputado em Veracruz, no M\u00e9xico. Neste domingo, 2, o grupo formado por jovens talentos [&hellip;]<\/p>\n","protected":false},"author":96,"featured_media":117622,"comment_status":"closed","ping_status":"closed","sticky":false,"template":"","format":"standard","meta":{"footnotes":""},"categories":[257,439],"tags":[],"class_list":["post-117621","post","type-post","status-publish","format-standard","has-post-thumbnail","hentry","category-esporte","category-ultima-hora"],"_links":{"self":[{"href":"https:\/\/diarioregionaldigital.com.br\/index.php?rest_route=\/wp\/v2\/posts\/117621","targetHints":{"allow":["GET"]}}],"collection":[{"href":"https:\/\/diarioregionaldigital.com.br\/index.php?rest_route=\/wp\/v2\/posts"}],"about":[{"href":"https:\/\/diarioregionaldigital.com.br\/index.php?rest_route=\/wp\/v2\/types\/post"}],"author":[{"embeddable":true,"href":"https:\/\/diarioregionaldigital.com.br\/index.php?rest_route=\/wp\/v2\/users\/96"}],"replies":[{"embeddable":true,"href":"https:\/\/diarioregionaldigital.com.br\/index.php?rest_route=%2Fwp%2Fv2%2Fcomments&post=117621"}],"version-history":[{"count":0,"href":"https:\/\/diarioregionaldigital.com.br\/index.php?rest_route=\/wp\/v2\/posts\/117621\/revisions"}],"wp:featuredmedia":[{"embeddable":true,"href":"https:\/\/diarioregionaldigital.com.br\/index.php?rest_route=\/wp\/v2\/media\/117622"}],"wp:attachment":[{"href":"https:\/\/diarioregionaldigital.com.br\/index.php?rest_route=%2Fwp%2Fv2%2Fmedia&parent=117621"}],"wp:term":[{"taxonomy":"category","embeddable":true,"href":"https:\/\/diarioregionaldigital.com.br\/index.php?rest_route=%2Fwp%2Fv2%2Fcategories&post=117621"},{"taxonomy":"post_tag","embeddable":true,"href":"https:\/\/diarioregionaldigital.com.br\/index.php?rest_route=%2Fwp%2Fv2%2Ftags&post=117621"}],"curies":[{"name":"wp","href":"https:\/\/api.w.org\/{rel}","templated":true}]}}