{"id":117609,"date":"2018-09-04T08:28:11","date_gmt":"2018-09-04T11:28:11","guid":{"rendered":"https:\/\/diarioregionaldigital.com.br\/?p=117609"},"modified":"2018-09-04T08:30:22","modified_gmt":"2018-09-04T11:30:22","slug":"policia-prende-homem-com-drogas-e-municao-no-bairro-nova-germania","status":"publish","type":"post","link":"https:\/\/diarioregionaldigital.com.br\/?p=117609","title":{"rendered":"Pol\u00edcia Militar prende homem com drogas e muni\u00e7\u00e3o no bairro Nova Germ\u00e2nia"},"content":{"rendered":"<p>Na tarde dessa segunda-feira, 3, a Pol\u00edcia Militar (PM) prendeu um rapaz, de 25 anos, por tr\u00e1fico de drogas, no bairro Nova Germ\u00e2nia, na zona Oeste de Juiz de Fora.<\/p>\n<p>De acordo com o registro de ocorr\u00eancia da PM, os policiais foram at\u00e9 uma resid\u00eancia na rua Manoel Port\u00edrio Ferreira ap\u00f3s uma den\u00fancia an\u00f4nima e no quintal da casa encontraram drogas e muni\u00e7\u00e3o. Ao todo, foram apreendidos 40 buchas de subst\u00e2ncia semelhante \u00e0 maconha, 34 papelotes de subst\u00e2ncia semelhante \u00e0 coca\u00edna, al\u00e9m de nove cartuchos intactos de muni\u00e7\u00e3o para arma de fogo.<\/p>\n<p>O autor assumiu ser o dono dos materiais e foi preso em flagrante.<\/p>\n","protected":false},"excerpt":{"rendered":"<p>Na tarde dessa segunda-feira, 3, a Pol\u00edcia Militar (PM) prendeu um rapaz, de 25 anos, por tr\u00e1fico de drogas, no bairro Nova Germ\u00e2nia, na zona Oeste de Juiz de Fora. De acordo com o registro de ocorr\u00eancia da PM, os policiais foram at\u00e9 uma resid\u00eancia na rua Manoel Port\u00edrio Ferreira ap\u00f3s uma den\u00fancia an\u00f4nima e [&hellip;]<\/p>\n","protected":false},"author":96,"featured_media":97342,"comment_status":"closed","ping_status":"closed","sticky":false,"template":"","format":"standard","meta":{"footnotes":""},"categories":[301],"tags":[],"class_list":["post-117609","post","type-post","status-publish","format-standard","has-post-thumbnail","hentry","category-artigos-policiais"],"_links":{"self":[{"href":"https:\/\/diarioregionaldigital.com.br\/index.php?rest_route=\/wp\/v2\/posts\/117609","targetHints":{"allow":["GET"]}}],"collection":[{"href":"https:\/\/diarioregionaldigital.com.br\/index.php?rest_route=\/wp\/v2\/posts"}],"about":[{"href":"https:\/\/diarioregionaldigital.com.br\/index.php?rest_route=\/wp\/v2\/types\/post"}],"author":[{"embeddable":true,"href":"https:\/\/diarioregionaldigital.com.br\/index.php?rest_route=\/wp\/v2\/users\/96"}],"replies":[{"embeddable":true,"href":"https:\/\/diarioregionaldigital.com.br\/index.php?rest_route=%2Fwp%2Fv2%2Fcomments&post=117609"}],"version-history":[{"count":0,"href":"https:\/\/diarioregionaldigital.com.br\/index.php?rest_route=\/wp\/v2\/posts\/117609\/revisions"}],"wp:featuredmedia":[{"embeddable":true,"href":"https:\/\/diarioregionaldigital.com.br\/index.php?rest_route=\/wp\/v2\/media\/97342"}],"wp:attachment":[{"href":"https:\/\/diarioregionaldigital.com.br\/index.php?rest_route=%2Fwp%2Fv2%2Fmedia&parent=117609"}],"wp:term":[{"taxonomy":"category","embeddable":true,"href":"https:\/\/diarioregionaldigital.com.br\/index.php?rest_route=%2Fwp%2Fv2%2Fcategories&post=117609"},{"taxonomy":"post_tag","embeddable":true,"href":"https:\/\/diarioregionaldigital.com.br\/index.php?rest_route=%2Fwp%2Fv2%2Ftags&post=117609"}],"curies":[{"name":"wp","href":"https:\/\/api.w.org\/{rel}","templated":true}]}}