{"id":117595,"date":"2018-09-04T07:29:55","date_gmt":"2018-09-04T10:29:55","guid":{"rendered":"https:\/\/diarioregionaldigital.com.br\/?p=117595"},"modified":"2018-09-04T07:29:55","modified_gmt":"2018-09-04T10:29:55","slug":"adolescente-e-assaltado-em-uma-das-principais-ruas-do-centro","status":"publish","type":"post","link":"https:\/\/diarioregionaldigital.com.br\/?p=117595","title":{"rendered":"Adolescente \u00e9 assaltado em uma das principais ruas do Centro"},"content":{"rendered":"<p>Um homem armado com uma faca assaltou um garoto, de 17 anos, na noite dessa segunda-feira, 3, na parte alta da rua Esp\u00edrito Santo, no Centro de Juiz de Fora. Por volta das 19h, a v\u00edtima passava pela via, pouco acima da esquina com a rua Santo Ant\u00f4nio, quando foi abordada e amea\u00e7ada pelo indiv\u00edduo. O autor anunciou o assalto e roubou o celular e os documentos pessoais do adolescente.<\/p>\n<p>Ap\u00f3s o crime, o homem fugiu no sentido \u00e0 Pra\u00e7a do Cruzeiro, tamb\u00e9m no Centro da cidade. Apesar de ter realizado rastreamento na regi\u00e3o, a Pol\u00edcia Militar n\u00e3o encontrou o assaltante.<\/p>\n","protected":false},"excerpt":{"rendered":"<p>Um homem armado com uma faca assaltou um garoto, de 17 anos, na noite dessa segunda-feira, 3, na parte alta da rua Esp\u00edrito Santo, no Centro de Juiz de Fora. Por volta das 19h, a v\u00edtima passava pela via, pouco acima da esquina com a rua Santo Ant\u00f4nio, quando foi abordada e amea\u00e7ada pelo indiv\u00edduo. [&hellip;]<\/p>\n","protected":false},"author":96,"featured_media":95836,"comment_status":"closed","ping_status":"closed","sticky":false,"template":"","format":"standard","meta":{"footnotes":""},"categories":[301],"tags":[],"class_list":["post-117595","post","type-post","status-publish","format-standard","has-post-thumbnail","hentry","category-artigos-policiais"],"_links":{"self":[{"href":"https:\/\/diarioregionaldigital.com.br\/index.php?rest_route=\/wp\/v2\/posts\/117595","targetHints":{"allow":["GET"]}}],"collection":[{"href":"https:\/\/diarioregionaldigital.com.br\/index.php?rest_route=\/wp\/v2\/posts"}],"about":[{"href":"https:\/\/diarioregionaldigital.com.br\/index.php?rest_route=\/wp\/v2\/types\/post"}],"author":[{"embeddable":true,"href":"https:\/\/diarioregionaldigital.com.br\/index.php?rest_route=\/wp\/v2\/users\/96"}],"replies":[{"embeddable":true,"href":"https:\/\/diarioregionaldigital.com.br\/index.php?rest_route=%2Fwp%2Fv2%2Fcomments&post=117595"}],"version-history":[{"count":0,"href":"https:\/\/diarioregionaldigital.com.br\/index.php?rest_route=\/wp\/v2\/posts\/117595\/revisions"}],"wp:featuredmedia":[{"embeddable":true,"href":"https:\/\/diarioregionaldigital.com.br\/index.php?rest_route=\/wp\/v2\/media\/95836"}],"wp:attachment":[{"href":"https:\/\/diarioregionaldigital.com.br\/index.php?rest_route=%2Fwp%2Fv2%2Fmedia&parent=117595"}],"wp:term":[{"taxonomy":"category","embeddable":true,"href":"https:\/\/diarioregionaldigital.com.br\/index.php?rest_route=%2Fwp%2Fv2%2Fcategories&post=117595"},{"taxonomy":"post_tag","embeddable":true,"href":"https:\/\/diarioregionaldigital.com.br\/index.php?rest_route=%2Fwp%2Fv2%2Ftags&post=117595"}],"curies":[{"name":"wp","href":"https:\/\/api.w.org\/{rel}","templated":true}]}}