{"id":117588,"date":"2018-09-04T06:00:41","date_gmt":"2018-09-04T09:00:41","guid":{"rendered":"https:\/\/diarioregionaldigital.com.br\/?p=117588"},"modified":"2018-09-03T20:06:21","modified_gmt":"2018-09-03T23:06:21","slug":"prefeitura-municipal-de-tocantins-no082-04-09-18","status":"publish","type":"post","link":"https:\/\/diarioregionaldigital.com.br\/?p=117588","title":{"rendered":"Prefeitura Municipal de Tocantins n\u00ba082 04\/09\/18"},"content":{"rendered":"<p style=\"margin: 0cm 0cm 0.0001pt; background: white; text-align: center;\" align=\"center\"><span style=\"font-family: 'times new roman', times, serif;\"><b><span style=\"color: black;\">AVISO DE LICITA\u00c7\u00c3O<\/span><\/b><\/span><\/p>\n<p style=\"margin: 0cm 0cm 0.0001pt; background: white; text-align: center;\" align=\"center\"><span style=\"font-family: 'times new roman', times, serif;\"><b><span style=\"color: black;\">\u00a0<\/span><\/b><\/span><\/p>\n<pre style=\"margin: 0cm 0cm 0.0001pt; background: white; text-align: center;\"><span style=\"font-family: 'times new roman', times, serif;\"><b><span style=\"color: black;\">Licita\u00e7\u00e3o n\u00b0 082\/2018<\/span><\/b><\/span><\/pre>\n<p style=\"margin: 0cm 0cm 0.0001pt; background: white; text-align: center;\" align=\"center\"><span style=\"font-family: 'times new roman', times, serif;\"><b><span style=\"color: black;\">Modalidade de Preg\u00e3o Presencial n\u00b0 061\/2018<\/span><\/b><\/span><\/p>\n<p style=\"margin: 0cm 0cm 0.0001pt; background: white; text-align: center;\"><span style=\"font-family: 'times new roman', times, serif; color: black;\">O Munic\u00edpio de Tocantins atrav\u00e9s das Secretarias Municipais, na forma da lei, faz saber a todos os interessados que far\u00e1 licita\u00e7\u00e3o na modalidade de preg\u00e3o presencial para<span class=\"apple-converted-space\">\u00a0<\/span>implanta\u00e7\u00e3o do Registro de pre\u00e7os para o<span class=\"apple-converted-space\">\u00a0<\/span>fornecimento de CARNE BOVINA para atender as Escolas e Creches Municipais e o Abrigo Municipal de Tocantins,<span class=\"apple-converted-space\">\u00a0<\/span>no dia 19\/09\/2018 \u00e0s 09:00 horas na sala da de licita\u00e7\u00f5es, localizada na Av. Padre Mac\u00e1rio, n\u00b0 129, bairro Centro, Munic\u00edpio de TOCANTINS. O edital completo encontra-se a disposi\u00e7\u00e3o dos interessados no endere\u00e7o citado anteriormente, no hor\u00e1rio de expediente de 08:00 as 11:00 horas e das 13:00 as 16:00 horas. TOCANTINS, 03 de setembro 2018.<\/span><\/p>\n<p style=\"margin: 0cm 0cm 0.0001pt; background: white; text-align: center;\"><span style=\"font-family: 'times new roman', times, serif;\"><strong><span style=\"color: black;\"> JANSEN PASCHOALINO ROCHA- PREGOEIRO<\/span><\/strong><\/span><\/p>\n","protected":false},"excerpt":{"rendered":"<p>AVISO DE LICITA\u00c7\u00c3O \u00a0 Licita\u00e7\u00e3o n\u00b0 082\/2018 Modalidade de Preg\u00e3o Presencial n\u00b0 061\/2018 O Munic\u00edpio de Tocantins atrav\u00e9s das Secretarias Municipais, na forma da lei, faz saber a todos os interessados que far\u00e1 licita\u00e7\u00e3o na modalidade de preg\u00e3o presencial para\u00a0implanta\u00e7\u00e3o do Registro de pre\u00e7os para o\u00a0fornecimento de CARNE BOVINA para atender as Escolas e Creches [&hellip;]<\/p>\n","protected":false},"author":96,"featured_media":0,"comment_status":"closed","ping_status":"closed","sticky":false,"template":"","format":"standard","meta":{"footnotes":""},"categories":[307],"tags":[],"class_list":["post-117588","post","type-post","status-publish","format-standard","hentry","category-editais"],"_links":{"self":[{"href":"https:\/\/diarioregionaldigital.com.br\/index.php?rest_route=\/wp\/v2\/posts\/117588","targetHints":{"allow":["GET"]}}],"collection":[{"href":"https:\/\/diarioregionaldigital.com.br\/index.php?rest_route=\/wp\/v2\/posts"}],"about":[{"href":"https:\/\/diarioregionaldigital.com.br\/index.php?rest_route=\/wp\/v2\/types\/post"}],"author":[{"embeddable":true,"href":"https:\/\/diarioregionaldigital.com.br\/index.php?rest_route=\/wp\/v2\/users\/96"}],"replies":[{"embeddable":true,"href":"https:\/\/diarioregionaldigital.com.br\/index.php?rest_route=%2Fwp%2Fv2%2Fcomments&post=117588"}],"version-history":[{"count":0,"href":"https:\/\/diarioregionaldigital.com.br\/index.php?rest_route=\/wp\/v2\/posts\/117588\/revisions"}],"wp:attachment":[{"href":"https:\/\/diarioregionaldigital.com.br\/index.php?rest_route=%2Fwp%2Fv2%2Fmedia&parent=117588"}],"wp:term":[{"taxonomy":"category","embeddable":true,"href":"https:\/\/diarioregionaldigital.com.br\/index.php?rest_route=%2Fwp%2Fv2%2Fcategories&post=117588"},{"taxonomy":"post_tag","embeddable":true,"href":"https:\/\/diarioregionaldigital.com.br\/index.php?rest_route=%2Fwp%2Fv2%2Ftags&post=117588"}],"curies":[{"name":"wp","href":"https:\/\/api.w.org\/{rel}","templated":true}]}}