{"id":117572,"date":"2018-09-04T06:00:33","date_gmt":"2018-09-04T09:00:33","guid":{"rendered":"https:\/\/diarioregionaldigital.com.br\/?p=117572"},"modified":"2018-09-03T19:46:10","modified_gmt":"2018-09-03T22:46:10","slug":"pai-de-adolescente-cadeirante-denuncia-falta-de-acessibilidade-em-onibus","status":"publish","type":"post","link":"https:\/\/diarioregionaldigital.com.br\/?p=117572","title":{"rendered":"Pai de adolescente cadeirante denuncia falta de acessibilidade em \u00f4nibus"},"content":{"rendered":"<p>Vanor Siqueira, 55 anos, utilizou as redes sociais para expor uma situa\u00e7\u00e3o desconfort\u00e1vel que aconteceu com seu filho, Victor Siqueira, 18 anos. Atrav\u00e9s do perfil no <a href=\"https:\/\/www.facebook.com\/vanor.siqueira\/posts\/1851769071578133?__tn__=-R\">Facebook<\/a>, o pai relatou um problema com a rampa do \u00f4nibus, que facilita a entrada e sa\u00edda de pessoas que utilizam a cadeira de rodas, da linha 701 que atende o bairro J\u00f3quei Clube I, onde mora a fam\u00edlia.<\/p>\n<p>De acordo com Vanor, essa n\u00e3o \u00e9 a primeira vez que isso acontece.\u201cEsse problema j\u00e1 vem acontecendo de anos, mas de um per\u00edodo para c\u00e1 piorou muito\u201d. Ele conta que j\u00e1 fez diversas reclama\u00e7\u00f5es na ouvidoria da Ansal, empresa que administra a linha, e tamb\u00e9m na Secretaria de Transporte e Tr\u00e2nsito. Ainda segundo Vanor, somente na \u00faltima semana, em tr\u00eas dias o filho teve problema para utilizar a rampa do ve\u00edculo e em um deles Victor precisou esperar o \u00f4nibus duas vezes. \u201cMeu filho chegou atrasado na escola. J\u00e1 \u00e9 uma coisa que est\u00e1 acontecendo constantemente e acaba com a gente um neg\u00f3cio desse\u201d.<\/p>\n<p>Victor \u00e9 portador da distrofia muscular de Duchenne. At\u00e9 os nove anos, informou o pai, o menino ainda andava e depois dessa idade ele passou a utilizar a cadeira de rodas. O pai conta que o filho se sente constrangido diante dessas situa\u00e7\u00f5es em que h\u00e1 problemas com a rampa dos \u00f4nibus. \u201cAlgumas pessoas \u2018fecham\u2019 a cara quando d\u00e1 problema com a rampa, quando o cadeirante demora subir, as pessoas n\u00e3o t\u00eam paci\u00eancia. Meu filho fica muito constrangido, ele fica totalmente sem gra\u00e7a\u201d, relata Vanor.<\/p>\n<p>A acessibilidade \u00e9 assegurada na legisla\u00e7\u00e3o, pela Lei n\u00ba 10.098, de dezembro de 2000.Vanorfaz um desabafo sobre as situa\u00e7\u00f5es que Victor e a fam\u00edlia enfrentam. \u201cEu e minha esposa vivemos por ele. \u00c9 muito complicada a vida de cadeirante nesse mundo que a gente vive. S\u00f3 a gente que est\u00e1 nessa que sabe\u201d.<\/p>\n<p>Em nota, a Ansal, empresa respons\u00e1vel pela linha, informou: \u201cRecebemos a reclama\u00e7\u00e3o sobre este epis\u00f3dio e de imediato realizamos a troca do ve\u00edculo. Infelizmente, nos \u00faltimos tr\u00eas meses, realmente tivemos duas ocorr\u00eancias apontadas por problemas no elevador dos ve\u00edculos que circulam na Linha 701 e estas foram prontamente atendidas: troca do carro realizada e reparo do equipamento feito. Todos os carros passam por vistorias di\u00e1rias relacionados ao funcionamento dos elevadores.N\u00e3o toleramos este tipo de situa\u00e7\u00e3o e queremos deixar claro que a Ansal repudia qualquer falta de cuidado ou aten\u00e7\u00e3o aos usu\u00e1rios, em especial as pessoas com\u00a0 defici\u00eancia. Motivamos inclusive um ciclo de palestras de conscientiza\u00e7\u00e3o sobre o respeito e cuidado com estes usu\u00e1rios, bem como com nossos colaboradores. J\u00e1 realizamos em 2 comunidades: Santa Paula e Santa Rita e estamos programando pelo menos mais 1 por m\u00eas daqui pra frente\u201d.<\/p>\n<p>O Di\u00e1rio Regional tamb\u00e9m fez contato com a Secretaria de Transporte e Tr\u00e2nsito, que respondeu: \u201cA Secretaria de Transporte e Tr\u00e2nsito (Settra) informa que, na cidade, a frota de transporte coletivo tem 100% dos ve\u00edculos adaptados. Al\u00e9m disso, tem intensificado as a\u00e7\u00f5es de fiscaliza\u00e7\u00e3o para o bom atendimento aos usu\u00e1rios. Os ve\u00edculos da linha 701 foram fiscalizados e foi constatado que eles estavam em condi\u00e7\u00f5es de uso, inclusive, os elevadores funcionaram perfeitamente no momento da inspe\u00e7\u00e3o. Refor\u00e7amos que, no caso de o cidad\u00e3o flagrar alguma irregularidade, ele pode entrar em contato com a secretaria atrav\u00e9s do 3690-8218\u201d.<\/p>\n","protected":false},"excerpt":{"rendered":"<p>Vanor Siqueira, 55 anos, utilizou as redes sociais para expor uma situa\u00e7\u00e3o desconfort\u00e1vel que aconteceu com seu filho, Victor Siqueira, 18 anos. Atrav\u00e9s do perfil no Facebook, o pai relatou um problema com a rampa do \u00f4nibus, que facilita a entrada e sa\u00edda de pessoas que utilizam a cadeira de rodas, da linha 701 que [&hellip;]<\/p>\n","protected":false},"author":96,"featured_media":117573,"comment_status":"closed","ping_status":"closed","sticky":false,"template":"","format":"standard","meta":{"footnotes":""},"categories":[253,440,439],"tags":[],"class_list":["post-117572","post","type-post","status-publish","format-standard","has-post-thumbnail","hentry","category-cidade","category-destaques-do-dia","category-ultima-hora"],"_links":{"self":[{"href":"https:\/\/diarioregionaldigital.com.br\/index.php?rest_route=\/wp\/v2\/posts\/117572","targetHints":{"allow":["GET"]}}],"collection":[{"href":"https:\/\/diarioregionaldigital.com.br\/index.php?rest_route=\/wp\/v2\/posts"}],"about":[{"href":"https:\/\/diarioregionaldigital.com.br\/index.php?rest_route=\/wp\/v2\/types\/post"}],"author":[{"embeddable":true,"href":"https:\/\/diarioregionaldigital.com.br\/index.php?rest_route=\/wp\/v2\/users\/96"}],"replies":[{"embeddable":true,"href":"https:\/\/diarioregionaldigital.com.br\/index.php?rest_route=%2Fwp%2Fv2%2Fcomments&post=117572"}],"version-history":[{"count":0,"href":"https:\/\/diarioregionaldigital.com.br\/index.php?rest_route=\/wp\/v2\/posts\/117572\/revisions"}],"wp:featuredmedia":[{"embeddable":true,"href":"https:\/\/diarioregionaldigital.com.br\/index.php?rest_route=\/wp\/v2\/media\/117573"}],"wp:attachment":[{"href":"https:\/\/diarioregionaldigital.com.br\/index.php?rest_route=%2Fwp%2Fv2%2Fmedia&parent=117572"}],"wp:term":[{"taxonomy":"category","embeddable":true,"href":"https:\/\/diarioregionaldigital.com.br\/index.php?rest_route=%2Fwp%2Fv2%2Fcategories&post=117572"},{"taxonomy":"post_tag","embeddable":true,"href":"https:\/\/diarioregionaldigital.com.br\/index.php?rest_route=%2Fwp%2Fv2%2Ftags&post=117572"}],"curies":[{"name":"wp","href":"https:\/\/api.w.org\/{rel}","templated":true}]}}