{"id":117570,"date":"2018-09-03T19:36:45","date_gmt":"2018-09-03T22:36:45","guid":{"rendered":"https:\/\/diarioregionaldigital.com.br\/?p=117570"},"modified":"2018-09-03T19:36:45","modified_gmt":"2018-09-03T22:36:45","slug":"hospital-procura-familia-de-idosa-encontrada-inconsciente-na-praca-da-estacao","status":"publish","type":"post","link":"https:\/\/diarioregionaldigital.com.br\/?p=117570","title":{"rendered":"Hospital procura fam\u00edlia de idosa encontrada inconsciente na Pra\u00e7a da Esta\u00e7\u00e3o"},"content":{"rendered":"<p>O Hospital\u00a0Doutor Geraldo Mozart Teixeira\u00a0procura a fam\u00edlia de uma\u00a0paciente que deu entrada\u00a0na unidade\u00a0no \u00faltimo domingo, dia\u00a02 de setembro,\u00a0levada pelo SAMU.\u00a0A senhora foi encontrada inconsciente na Pra\u00e7a da Esta\u00e7\u00e3o. Ela aparenta aproximadamente 70 anos de idade,\u00a0\u00e9 branca, de estatura\u00a0mediana, olhos azuis e cabelos castanhos escuros aparentemente tonalizados. Sobre as roupas\u00a0que trajava, somente foram encontrados entre seus pertences uma cal\u00e7a e um par de sand\u00e1lias, todos na cor bege. N\u00e3o foram localizados quaisquer documentos.<\/p>\n<p>&nbsp;<\/p>\n<p>A paciente est\u00e1 na Sala de Urg\u00eancia, entubada e seu estado \u00e9\u00a0considerado grave at\u00e9 o momento.\u00a0O caso\u00a0est\u00e1 sendo\u00a0encaminhado ao Posto de Identifica\u00e7\u00e3o Civil da C\u00e2mara Municipal de Juiz de Fora, para a identifica\u00e7\u00e3o de amigos ou familiares.<\/p>\n<p>&nbsp;<\/p>\n","protected":false},"excerpt":{"rendered":"<p>O Hospital\u00a0Doutor Geraldo Mozart Teixeira\u00a0procura a fam\u00edlia de uma\u00a0paciente que deu entrada\u00a0na unidade\u00a0no \u00faltimo domingo, dia\u00a02 de setembro,\u00a0levada pelo SAMU.\u00a0A senhora foi encontrada inconsciente na Pra\u00e7a da Esta\u00e7\u00e3o. Ela aparenta aproximadamente 70 anos de idade,\u00a0\u00e9 branca, de estatura\u00a0mediana, olhos azuis e cabelos castanhos escuros aparentemente tonalizados. Sobre as roupas\u00a0que trajava, somente foram encontrados entre seus [&hellip;]<\/p>\n","protected":false},"author":96,"featured_media":112697,"comment_status":"closed","ping_status":"closed","sticky":false,"template":"","format":"standard","meta":{"footnotes":""},"categories":[253,436,439],"tags":[],"class_list":["post-117570","post","type-post","status-publish","format-standard","has-post-thumbnail","hentry","category-cidade","category-destaque-da-semana","category-ultima-hora"],"_links":{"self":[{"href":"https:\/\/diarioregionaldigital.com.br\/index.php?rest_route=\/wp\/v2\/posts\/117570","targetHints":{"allow":["GET"]}}],"collection":[{"href":"https:\/\/diarioregionaldigital.com.br\/index.php?rest_route=\/wp\/v2\/posts"}],"about":[{"href":"https:\/\/diarioregionaldigital.com.br\/index.php?rest_route=\/wp\/v2\/types\/post"}],"author":[{"embeddable":true,"href":"https:\/\/diarioregionaldigital.com.br\/index.php?rest_route=\/wp\/v2\/users\/96"}],"replies":[{"embeddable":true,"href":"https:\/\/diarioregionaldigital.com.br\/index.php?rest_route=%2Fwp%2Fv2%2Fcomments&post=117570"}],"version-history":[{"count":0,"href":"https:\/\/diarioregionaldigital.com.br\/index.php?rest_route=\/wp\/v2\/posts\/117570\/revisions"}],"wp:featuredmedia":[{"embeddable":true,"href":"https:\/\/diarioregionaldigital.com.br\/index.php?rest_route=\/wp\/v2\/media\/112697"}],"wp:attachment":[{"href":"https:\/\/diarioregionaldigital.com.br\/index.php?rest_route=%2Fwp%2Fv2%2Fmedia&parent=117570"}],"wp:term":[{"taxonomy":"category","embeddable":true,"href":"https:\/\/diarioregionaldigital.com.br\/index.php?rest_route=%2Fwp%2Fv2%2Fcategories&post=117570"},{"taxonomy":"post_tag","embeddable":true,"href":"https:\/\/diarioregionaldigital.com.br\/index.php?rest_route=%2Fwp%2Fv2%2Ftags&post=117570"}],"curies":[{"name":"wp","href":"https:\/\/api.w.org\/{rel}","templated":true}]}}