{"id":117568,"date":"2018-09-04T06:00:31","date_gmt":"2018-09-04T09:00:31","guid":{"rendered":"https:\/\/diarioregionaldigital.com.br\/?p=117568"},"modified":"2018-09-03T19:50:40","modified_gmt":"2018-09-03T22:50:40","slug":"moda-2","status":"publish","type":"post","link":"https:\/\/diarioregionaldigital.com.br\/?p=117568","title":{"rendered":"Moda"},"content":{"rendered":"<p style=\"text-align: center;\"><strong>Cursos<\/strong><\/p>\n<p style=\"text-align: center;\">O CES\/JF, por meio do Centro de Extens\u00e3o, realizou uma parceria com o Departamento de Prote\u00e7\u00e3o Especial (DPE) da Secretaria de Desenvolvimento Social (SDS) da PJF. O objetivo da parceria \u00e9 oferecer cursos de inform\u00e1tica, passarela, r\u00e1dio, televis\u00e3o e gastronomia para crian\u00e7as, adolescentes e idosos atendidos pela SDS.<\/p>\n<p style=\"text-align: center;\"><strong>Oficinas Culturais<\/strong><\/p>\n<p style=\"text-align: center;\">Durante o m\u00eas de setembro, o Sesc oferece oficinas nas unidades de Juiz de Fora e Santos Dumont. O Sesc Juiz de Fora oferece pr\u00e1tica de conjunto com coral e violino, a ser realizado nos dias 4, 11, 18 e 25 de setembro. Ainda na mesma unidade Oficinas Sesc BoomWhakers e Oficinas de Instrumentos Alternativos<\/p>\n<p style=\"text-align: center;\"><strong>Moda<\/strong><\/p>\n<p style=\"text-align: center;\">A Cant\u00e3o encontrou na fazenda do estilista mineiro Ronaldo Fraga, em Montes Claros (MG), a loca\u00e7\u00e3o perfeita para fotografar a campanha ver\u00e3o 2019. A cole\u00e7\u00e3o resgata tramas, cores e estampas que fazem refer\u00eancia \u00e0 velha e boa ro\u00e7a. S\u00e3o flores que lembram chitas, jeans com detalhes femininos, como o babado e o xadrez. Faz mesmo sentido.<\/p>\n<p style=\"text-align: center;\"><strong>Tecnologia e Log\u00edstica<\/strong><\/p>\n<p style=\"text-align: center;\">Em tempos de redes sociais, mesmos os varejistas que j\u00e1 nasceram com um modelo voltado apenas para vendas pela internet buscam formas de aperfei\u00e7oar sua atua\u00e7\u00e3o no mundo real na \u00e1rea de eletroeletr\u00f4nicos. A B2W, dona dos portais Americanas.com, Shoptime e Submarino, tem o desafio de recuperar a lideran\u00e7a desse segmento perdida em 2017 para o Mercado Livre aperfei\u00e7oando sua log\u00edstica.<\/p>\n<div id=\"attachment_117557\" style=\"width: 690px\" class=\"wp-caption aligncenter\"><img loading=\"lazy\" decoding=\"async\" aria-describedby=\"caption-attachment-117557\" class=\"wp-image-117557\" src=\"https:\/\/diarioregionaldigital.com.br\/wp-content\/uploads\/2018\/09\/fotoaa.jpg\" alt=\"\" width=\"680\" height=\"530\" srcset=\"https:\/\/diarioregionaldigital.com.br\/wp-content\/uploads\/2018\/09\/fotoaa.jpg 960w, https:\/\/diarioregionaldigital.com.br\/wp-content\/uploads\/2018\/09\/fotoaa-300x234.jpg 300w, https:\/\/diarioregionaldigital.com.br\/wp-content\/uploads\/2018\/09\/fotoaa-768x598.jpg 768w, https:\/\/diarioregionaldigital.com.br\/wp-content\/uploads\/2018\/09\/fotoaa-360x281.jpg 360w\" sizes=\"auto, (max-width: 680px) 100vw, 680px\" \/><p id=\"caption-attachment-117557\" class=\"wp-caption-text\">Com requinte e eleg\u00e2ncia, Rhuan Fontes comemorou 6 anos de seu sal\u00e3o com a estrelada equipe: J\u00fanior Miranda, Anna Paula, Izabela Souza, Kamila Costa, Thierry Oliveira e Ed Netto<\/p><\/div>\n<div id=\"attachment_117558\" style=\"width: 690px\" class=\"wp-caption aligncenter\"><img loading=\"lazy\" decoding=\"async\" aria-describedby=\"caption-attachment-117558\" class=\"wp-image-117558\" src=\"https:\/\/diarioregionaldigital.com.br\/wp-content\/uploads\/2018\/09\/fotob-e1536014782361.jpg\" alt=\"\" width=\"680\" height=\"478\" srcset=\"https:\/\/diarioregionaldigital.com.br\/wp-content\/uploads\/2018\/09\/fotob-e1536014782361.jpg 723w, https:\/\/diarioregionaldigital.com.br\/wp-content\/uploads\/2018\/09\/fotob-e1536014782361-300x210.jpg 300w, https:\/\/diarioregionaldigital.com.br\/wp-content\/uploads\/2018\/09\/fotob-e1536014782361-360x253.jpg 360w, https:\/\/diarioregionaldigital.com.br\/wp-content\/uploads\/2018\/09\/fotob-e1536014782361-100x70.jpg 100w\" sizes=\"auto, (max-width: 680px) 100vw, 680px\" \/><p id=\"caption-attachment-117558\" class=\"wp-caption-text\">Na Pra\u00e7a S\u00e3o Mateus no Festival de Torresmo, as belezuras Andrea Soares, Edna Rodrigues e Helenise Machado<\/p><\/div>\n<div id=\"attachment_117556\" style=\"width: 690px\" class=\"wp-caption aligncenter\"><img loading=\"lazy\" decoding=\"async\" aria-describedby=\"caption-attachment-117556\" class=\"wp-image-117556\" src=\"https:\/\/diarioregionaldigital.com.br\/wp-content\/uploads\/2018\/09\/fotoa.jpg\" alt=\"\" width=\"680\" height=\"510\" srcset=\"https:\/\/diarioregionaldigital.com.br\/wp-content\/uploads\/2018\/09\/fotoa.jpg 960w, https:\/\/diarioregionaldigital.com.br\/wp-content\/uploads\/2018\/09\/fotoa-300x225.jpg 300w, https:\/\/diarioregionaldigital.com.br\/wp-content\/uploads\/2018\/09\/fotoa-768x576.jpg 768w, https:\/\/diarioregionaldigital.com.br\/wp-content\/uploads\/2018\/09\/fotoa-360x270.jpg 360w\" sizes=\"auto, (max-width: 680px) 100vw, 680px\" \/><p id=\"caption-attachment-117556\" class=\"wp-caption-text\">Em Campos do Jord\u00e3o (SP), as elegant\u00e9rrimas Maria Helena Zacaron e Florinha Carmo<\/p><\/div>\n<div id=\"attachment_117559\" style=\"width: 690px\" class=\"wp-caption aligncenter\"><img loading=\"lazy\" decoding=\"async\" aria-describedby=\"caption-attachment-117559\" class=\"wp-image-117559\" src=\"https:\/\/diarioregionaldigital.com.br\/wp-content\/uploads\/2018\/09\/fotobb-e1536014799760.jpg\" alt=\"\" width=\"680\" height=\"501\" srcset=\"https:\/\/diarioregionaldigital.com.br\/wp-content\/uploads\/2018\/09\/fotobb-e1536014799760.jpg 895w, https:\/\/diarioregionaldigital.com.br\/wp-content\/uploads\/2018\/09\/fotobb-e1536014799760-300x221.jpg 300w, https:\/\/diarioregionaldigital.com.br\/wp-content\/uploads\/2018\/09\/fotobb-e1536014799760-768x566.jpg 768w, https:\/\/diarioregionaldigital.com.br\/wp-content\/uploads\/2018\/09\/fotobb-e1536014799760-360x265.jpg 360w\" sizes=\"auto, (max-width: 680px) 100vw, 680px\" \/><p id=\"caption-attachment-117559\" class=\"wp-caption-text\">No Tititi da Resenha na Toca da Raposa as lindas pret\u00edssimas, Ivanir Ferreira e Deise Alves<\/p><\/div>\n<div id=\"attachment_117561\" style=\"width: 690px\" class=\"wp-caption aligncenter\"><img loading=\"lazy\" decoding=\"async\" aria-describedby=\"caption-attachment-117561\" class=\"wp-image-117561\" src=\"https:\/\/diarioregionaldigital.com.br\/wp-content\/uploads\/2018\/09\/fotod-e1536014819723.jpg\" alt=\"\" width=\"680\" height=\"567\" srcset=\"https:\/\/diarioregionaldigital.com.br\/wp-content\/uploads\/2018\/09\/fotod-e1536014819723.jpg 720w, https:\/\/diarioregionaldigital.com.br\/wp-content\/uploads\/2018\/09\/fotod-e1536014819723-300x250.jpg 300w, https:\/\/diarioregionaldigital.com.br\/wp-content\/uploads\/2018\/09\/fotod-e1536014819723-360x300.jpg 360w\" sizes=\"auto, (max-width: 680px) 100vw, 680px\" \/><p id=\"caption-attachment-117561\" class=\"wp-caption-text\">Jovens talentosos na Violada Sertaneja no Porc\u00e3o\/BH com Fernando J\u00fanior e H\u00e9lio Fadel<\/p><\/div>\n<div id=\"attachment_117562\" style=\"width: 690px\" class=\"wp-caption aligncenter\"><img loading=\"lazy\" decoding=\"async\" aria-describedby=\"caption-attachment-117562\" class=\"wp-image-117562\" src=\"https:\/\/diarioregionaldigital.com.br\/wp-content\/uploads\/2018\/09\/fotoe-e1536014839205.jpg\" alt=\"\" width=\"680\" height=\"574\" srcset=\"https:\/\/diarioregionaldigital.com.br\/wp-content\/uploads\/2018\/09\/fotoe-e1536014839205.jpg 533w, https:\/\/diarioregionaldigital.com.br\/wp-content\/uploads\/2018\/09\/fotoe-e1536014839205-300x253.jpg 300w, https:\/\/diarioregionaldigital.com.br\/wp-content\/uploads\/2018\/09\/fotoe-e1536014839205-360x304.jpg 360w\" sizes=\"auto, (max-width: 680px) 100vw, 680px\" \/><p id=\"caption-attachment-117562\" class=\"wp-caption-text\">No Terrazzo, os lindos Gabriel Carelli e a formanda Marcela Freitas<\/p><\/div>\n<div id=\"attachment_117564\" style=\"width: 690px\" class=\"wp-caption aligncenter\"><img loading=\"lazy\" decoding=\"async\" aria-describedby=\"caption-attachment-117564\" class=\"wp-image-117564\" src=\"https:\/\/diarioregionaldigital.com.br\/wp-content\/uploads\/2018\/09\/fotog.jpg\" alt=\"\" width=\"680\" height=\"510\" srcset=\"https:\/\/diarioregionaldigital.com.br\/wp-content\/uploads\/2018\/09\/fotog.jpg 960w, https:\/\/diarioregionaldigital.com.br\/wp-content\/uploads\/2018\/09\/fotog-300x225.jpg 300w, https:\/\/diarioregionaldigital.com.br\/wp-content\/uploads\/2018\/09\/fotog-768x576.jpg 768w, https:\/\/diarioregionaldigital.com.br\/wp-content\/uploads\/2018\/09\/fotog-360x270.jpg 360w\" sizes=\"auto, (max-width: 680px) 100vw, 680px\" \/><p id=\"caption-attachment-117564\" class=\"wp-caption-text\">Morenos sangue bom no Resenha TiTiTi no Ladeira, Leonardo Jesus e Paulinho Souza<\/p><\/div>\n<div id=\"attachment_117565\" style=\"width: 690px\" class=\"wp-caption aligncenter\"><img loading=\"lazy\" decoding=\"async\" aria-describedby=\"caption-attachment-117565\" class=\"wp-image-117565\" src=\"https:\/\/diarioregionaldigital.com.br\/wp-content\/uploads\/2018\/09\/fotoh-e1536014861759.jpg\" alt=\"\" width=\"680\" height=\"571\" srcset=\"https:\/\/diarioregionaldigital.com.br\/wp-content\/uploads\/2018\/09\/fotoh-e1536014861759.jpg 640w, https:\/\/diarioregionaldigital.com.br\/wp-content\/uploads\/2018\/09\/fotoh-e1536014861759-300x252.jpg 300w, https:\/\/diarioregionaldigital.com.br\/wp-content\/uploads\/2018\/09\/fotoh-e1536014861759-360x302.jpg 360w\" sizes=\"auto, (max-width: 680px) 100vw, 680px\" \/><p id=\"caption-attachment-117565\" class=\"wp-caption-text\">No Terrazzo na Galeria da Beleza do Miss Brasil Gay 2018, os chiques Let\u00edcia Lippiani e M\u00e1rcio Marques<\/p><\/div>\n<div id=\"attachment_117566\" style=\"width: 690px\" class=\"wp-caption aligncenter\"><img loading=\"lazy\" decoding=\"async\" aria-describedby=\"caption-attachment-117566\" class=\"wp-image-117566\" src=\"https:\/\/diarioregionaldigital.com.br\/wp-content\/uploads\/2018\/09\/fotoi.jpg\" alt=\"\" width=\"680\" height=\"510\" srcset=\"https:\/\/diarioregionaldigital.com.br\/wp-content\/uploads\/2018\/09\/fotoi.jpg 960w, https:\/\/diarioregionaldigital.com.br\/wp-content\/uploads\/2018\/09\/fotoi-300x225.jpg 300w, https:\/\/diarioregionaldigital.com.br\/wp-content\/uploads\/2018\/09\/fotoi-768x576.jpg 768w, https:\/\/diarioregionaldigital.com.br\/wp-content\/uploads\/2018\/09\/fotoi-360x270.jpg 360w\" sizes=\"auto, (max-width: 680px) 100vw, 680px\" \/><p id=\"caption-attachment-117566\" class=\"wp-caption-text\">O artista pl\u00e1stico Ricardo Barcellos festejou n\u00edver no Berttu\u2019s com a mulher Rita Florentino<\/p><\/div>\n<div id=\"attachment_117563\" style=\"width: 690px\" class=\"wp-caption aligncenter\"><img loading=\"lazy\" decoding=\"async\" aria-describedby=\"caption-attachment-117563\" class=\"wp-image-117563\" src=\"https:\/\/diarioregionaldigital.com.br\/wp-content\/uploads\/2018\/09\/fotof.jpg\" alt=\"\" width=\"680\" height=\"510\" srcset=\"https:\/\/diarioregionaldigital.com.br\/wp-content\/uploads\/2018\/09\/fotof.jpg 960w, https:\/\/diarioregionaldigital.com.br\/wp-content\/uploads\/2018\/09\/fotof-300x225.jpg 300w, https:\/\/diarioregionaldigital.com.br\/wp-content\/uploads\/2018\/09\/fotof-768x576.jpg 768w, https:\/\/diarioregionaldigital.com.br\/wp-content\/uploads\/2018\/09\/fotof-360x270.jpg 360w\" sizes=\"auto, (max-width: 680px) 100vw, 680px\" \/><p id=\"caption-attachment-117563\" class=\"wp-caption-text\">Na Feijoada da Pol\u00edcia Militar no Capit\u00f3lio a diretoria com Mazuquieli Afonso Veras, Alexandre Lenilson Fonseca, Vin\u00edcius Ciribeli e Beto Souza<\/p><\/div>\n<p style=\"text-align: center;\"><strong>FOTOSS\u00cdNTESE<\/strong><\/p>\n<p>Dedicado e competente, Lucas Mendes acaba de concluir com louvor o curso de MBA em Gest\u00e3o Tribut\u00e1ria.<\/p>\n<p>Denominado de Gatos Pingados o Grupo de Teatro apresenta seu novo trabalho \u201cCoisa de Mulherzinha &#8211; Contos que n\u00e3o gostar\u00edamos de ouvir\u201d, nos dias 4 (hoje) e 5 (amanh\u00e3), \u00e0s 10h, no Audit\u00f3rio da escola de Governo, na rua Maria Perp\u00e9tua, n\u00aa 72, Ladeira. As apresenta\u00e7\u00f5es fazem parte da XXVII Sipat da Cesama.<\/p>\n<p>O GRES Bom das Bocas de Tr\u00eas Rios promove no dia 8 de setembro, \u00e0s 13h, o evento Comida de Boteco. No palco a Bateria Furiosa e Segmentos da Escola e a diva Sandra Portella e Banda.<\/p>\n<p>O \u2018chef\u2019 do Trade Hotel Geovani Freitas avisa que o melhor chopp \u201cDo Z\u00e9\u201d est\u00e1 sendo servido acompanhado de uma deliciosa costela e a tira de torresmo como petisco. Tamb\u00e9m na mesa a \u201cCerveja do Z\u00e9\u201d uma homenagem a Jos\u00e9 Rocha.<\/p>\n<p>Em boa hora j\u00e1 come\u00e7aram as obras no telhado da Escola Normal de Juiz de Fora. A empresa Constru\u00e7\u00f5es e Servi\u00e7os Magalh\u00e3es Ltda ser\u00e1 a respons\u00e1vel, ap\u00f3s reuni\u00e3o do Colegiado Escolar.<\/p>\n<p>Durante a semana que passou a turma da Ter\u00e7a Nobre de Juiz de Fora comemorou o anivers\u00e1rio dos biquenses Jos\u00e9 Maria Machado Veiga e Francisco Galil, no Bosque do Imperador.<\/p>\n<p>Em comemora\u00e7\u00e3o ao Dia do Nutricionista, a Pharmes Farm\u00e1cia de Manipula\u00e7\u00e3o e o Mr. Tugas promoveram a premia\u00e7\u00e3o \u201cDestaques Pharmes Nutrition 2018\u201d, com coquetel fit e vegano assinado pelo Mr. Tugas.<\/p>\n<p>Din\u00e2mica e atuante, Beth Castro est\u00e1 em estado alfa. Sua escola Degraus foi premiada como escola master pelo Programa de Excel\u00eancia Pex.<\/p>\n<p>Com posse em Janeiro, o diretor de Imagem Institucional da UFJF, M\u00e1rcio Guerra, foi eleito presidente do Col\u00e9gio de Gestores de Comunica\u00e7\u00e3o das Universidades Federais.<\/p>\n<p>A\u00ed brother: Cada um no seu quadrado, mas ao mesmo tempo juntos e misturados. Em evolu\u00e7\u00e3o. Bom dia.<\/p>\n","protected":false},"excerpt":{"rendered":"<p>Cursos O CES\/JF, por meio do Centro de Extens\u00e3o, realizou uma parceria com o Departamento de Prote\u00e7\u00e3o Especial (DPE) da Secretaria de Desenvolvimento Social (SDS) da PJF. O objetivo da parceria \u00e9 oferecer cursos de inform\u00e1tica, passarela, r\u00e1dio, televis\u00e3o e gastronomia para crian\u00e7as, adolescentes e idosos atendidos pela SDS. Oficinas Culturais Durante o m\u00eas de [&hellip;]<\/p>\n","protected":false},"author":96,"featured_media":117557,"comment_status":"closed","ping_status":"closed","sticky":false,"template":"","format":"standard","meta":{"footnotes":""},"categories":[264],"tags":[],"class_list":["post-117568","post","type-post","status-publish","format-standard","has-post-thumbnail","hentry","category-eduardo-gomes"],"_links":{"self":[{"href":"https:\/\/diarioregionaldigital.com.br\/index.php?rest_route=\/wp\/v2\/posts\/117568","targetHints":{"allow":["GET"]}}],"collection":[{"href":"https:\/\/diarioregionaldigital.com.br\/index.php?rest_route=\/wp\/v2\/posts"}],"about":[{"href":"https:\/\/diarioregionaldigital.com.br\/index.php?rest_route=\/wp\/v2\/types\/post"}],"author":[{"embeddable":true,"href":"https:\/\/diarioregionaldigital.com.br\/index.php?rest_route=\/wp\/v2\/users\/96"}],"replies":[{"embeddable":true,"href":"https:\/\/diarioregionaldigital.com.br\/index.php?rest_route=%2Fwp%2Fv2%2Fcomments&post=117568"}],"version-history":[{"count":0,"href":"https:\/\/diarioregionaldigital.com.br\/index.php?rest_route=\/wp\/v2\/posts\/117568\/revisions"}],"wp:featuredmedia":[{"embeddable":true,"href":"https:\/\/diarioregionaldigital.com.br\/index.php?rest_route=\/wp\/v2\/media\/117557"}],"wp:attachment":[{"href":"https:\/\/diarioregionaldigital.com.br\/index.php?rest_route=%2Fwp%2Fv2%2Fmedia&parent=117568"}],"wp:term":[{"taxonomy":"category","embeddable":true,"href":"https:\/\/diarioregionaldigital.com.br\/index.php?rest_route=%2Fwp%2Fv2%2Fcategories&post=117568"},{"taxonomy":"post_tag","embeddable":true,"href":"https:\/\/diarioregionaldigital.com.br\/index.php?rest_route=%2Fwp%2Fv2%2Ftags&post=117568"}],"curies":[{"name":"wp","href":"https:\/\/api.w.org\/{rel}","templated":true}]}}